{"id":14625,"date":"2022-04-19T12:05:47","date_gmt":"2022-04-19T10:05:47","guid":{"rendered":"https:\/\/serveiseducatius.xtec.cat\/bergueda\/?p=14625"},"modified":"2022-04-19T12:05:47","modified_gmt":"2022-04-19T10:05:47","slug":"3a-capsula-de-lhort-escolar","status":"publish","type":"post","link":"https:\/\/serveiseducatius.xtec.cat\/bergueda\/portada\/3a-capsula-de-lhort-escolar\/","title":{"rendered":"3a c\u00e0psula de l&#8217;hort escolar"},"content":{"rendered":"<p><a href=\"https:\/\/drive.google.com\/file\/d\/1b5KTK6JdeSXCgU63r8RTySCsyu5G3EWb\/view?usp=sharing\"><img loading=\"lazy\" decoding=\"async\" class=\"size-full wp-image-14626 aligncenter\" src=\"https:\/\/serveiseducatius.xtec.cat\/bergueda\/wp-content\/uploads\/usu878\/2022\/04\/hort-escolar-abril22.jpg\" alt=\"\" width=\"786\" height=\"319\" srcset=\"https:\/\/serveiseducatius.xtec.cat\/bergueda\/wp-content\/uploads\/usu878\/2022\/04\/hort-escolar-abril22.jpg 786w, https:\/\/serveiseducatius.xtec.cat\/bergueda\/wp-content\/uploads\/usu878\/2022\/04\/hort-escolar-abril22-300x122.jpg 300w, https:\/\/serveiseducatius.xtec.cat\/bergueda\/wp-content\/uploads\/usu878\/2022\/04\/hort-escolar-abril22-768x312.jpg 768w\" sizes=\"auto, (max-width: 786px) 100vw, 786px\" \/><\/a><br \/>\nDimarts, 26 d\u2019abril de 2022 a les 17.30, jornada t\u00e8cnica en l\u00ednia.<br \/>\nLa tercera c\u00e0psula de l\u2019hort escolar ecol\u00f2gic com a recurs pedag\u00f2gic la dediquem a la biodiversitat.<br \/>\nLa jornada tindr\u00e0 dues vessants. Per una banda tindr\u00e0 un vessant t\u00e8cnic, per saber qu\u00e8 cal de tenir en compte a l\u2019hora de seleccionar els millors fruits per guardar les seves llavors.<br \/>\nQuines rotacions hem de fer i quines s\u00f3n les millors associacions de cultius per afavorir la biodiversitat de l\u2019hort. Per una altra banda tindr\u00e0 un vessant pedag\u00f2gic on s\u2019exposaran diferents exemples de com aprofitar la biodiversitat per treballar diferents aspectes del curr\u00edculum com per exemple la classificaci\u00f3 del \u00e9ssers vius o les xarxes tr\u00f2fiques.<br \/>\nPresentarem alguns exemples com la construcci\u00f3 d\u2019hotels d\u2019insectes, o la creaci\u00f3 d\u2019espais i ambients per afavorir la biodiversitat. Aquests espais ens han de servir per generar situacions d\u2019aprenentatge pel nostre alumnat.<\/p>\n<p>Podeu consultar el <a href=\"https:\/\/drive.google.com\/file\/d\/1b5KTK6JdeSXCgU63r8RTySCsyu5G3EWb\/view?usp=sharing\" target=\"_blank\" rel=\"noopener\">programa<\/a>.<\/p>\n","protected":false},"excerpt":{"rendered":"<p>Dimarts, 26 d\u2019abril de 2022 a les 17.30, jornada t\u00e8cnica en l\u00ednia.<br \/>\nBiodiversitat a l&#8217;hort de l&#8217;escola! La tercera c\u00e0psula de l\u2019hort escolar ecol\u00f2gic com a recurs pedag\u00f2gic la dediquem a la biodiversitat.<\/p>\n","protected":false},"author":1,"featured_media":14627,"comment_status":"closed","ping_status":"closed","sticky":false,"template":"","format":"standard","meta":{"_bbp_topic_count":0,"_bbp_reply_count":0,"_bbp_total_topic_count":0,"_bbp_total_reply_count":0,"_bbp_voice_count":0,"_bbp_anonymous_reply_count":0,"_bbp_topic_count_hidden":0,"_bbp_reply_count_hidden":0,"_bbp_forum_subforum_count":0,"site-sidebar-layout":"default","site-content-layout":"","ast-site-content-layout":"","site-content-style":"default","site-sidebar-style":"default","ast-global-header-display":"","ast-banner-title-visibility":"","ast-main-header-display":"","ast-hfb-above-header-display":"","ast-hfb-below-header-display":"","ast-hfb-mobile-header-display":"","site-post-title":"","ast-breadcrumbs-content":"","ast-featured-img":"","footer-sml-layout":"","theme-transparent-header-meta":"","adv-header-id-meta":"","stick-header-meta":"","header-above-stick-meta":"","header-main-stick-meta":"","header-below-stick-meta":"","astra-migrate-meta-layouts":"default","ast-page-background-enabled":"default","ast-page-background-meta":{"desktop":{"background-color":"var(--ast-global-color-4)","background-image":"","background-repeat":"repeat","background-position":"center center","background-size":"auto","background-attachment":"scroll","background-type":"","background-media":"","overlay-type":"","overlay-color":"","overlay-opacity":"","overlay-gradient":""},"tablet":{"background-color":"","background-image":"","background-repeat":"repeat","background-position":"center center","background-size":"auto","background-attachment":"scroll","background-type":"","background-media":"","overlay-type":"","overlay-color":"","overlay-opacity":"","overlay-gradient":""},"mobile":{"background-color":"","background-image":"","background-repeat":"repeat","background-position":"center center","background-size":"auto","background-attachment":"scroll","background-type":"","background-media":"","overlay-type":"","overlay-color":"","overlay-opacity":"","overlay-gradient":""}},"ast-content-background-meta":{"desktop":{"background-color":"var(--ast-global-color-5)","background-image":"","background-repeat":"repeat","background-position":"center center","background-size":"auto","background-attachment":"scroll","background-type":"","background-media":"","overlay-type":"","overlay-color":"","overlay-opacity":"","overlay-gradient":""},"tablet":{"background-color":"var(--ast-global-color-5)","background-image":"","background-repeat":"repeat","background-position":"center center","background-size":"auto","background-attachment":"scroll","background-type":"","background-media":"","overlay-type":"","overlay-color":"","overlay-opacity":"","overlay-gradient":""},"mobile":{"background-color":"var(--ast-global-color-5)","background-image":"","background-repeat":"repeat","background-position":"center center","background-size":"auto","background-attachment":"scroll","background-type":"","background-media":"","overlay-type":"","overlay-color":"","overlay-opacity":"","overlay-gradient":""}},"footnotes":""},"categories":[29],"tags":[],"class_list":["post-14625","post","type-post","status-publish","format-standard","has-post-thumbnail","hentry","category-portada"],"post_mailing_queue_ids":[],"_links":{"self":[{"href":"https:\/\/serveiseducatius.xtec.cat\/bergueda\/wp-json\/wp\/v2\/posts\/14625","targetHints":{"allow":["GET"]}}],"collection":[{"href":"https:\/\/serveiseducatius.xtec.cat\/bergueda\/wp-json\/wp\/v2\/posts"}],"about":[{"href":"https:\/\/serveiseducatius.xtec.cat\/bergueda\/wp-json\/wp\/v2\/types\/post"}],"author":[{"embeddable":true,"href":"https:\/\/serveiseducatius.xtec.cat\/bergueda\/wp-json\/wp\/v2\/users\/1"}],"replies":[{"embeddable":true,"href":"https:\/\/serveiseducatius.xtec.cat\/bergueda\/wp-json\/wp\/v2\/comments?post=14625"}],"version-history":[{"count":1,"href":"https:\/\/serveiseducatius.xtec.cat\/bergueda\/wp-json\/wp\/v2\/posts\/14625\/revisions"}],"predecessor-version":[{"id":14628,"href":"https:\/\/serveiseducatius.xtec.cat\/bergueda\/wp-json\/wp\/v2\/posts\/14625\/revisions\/14628"}],"wp:featuredmedia":[{"embeddable":true,"href":"https:\/\/serveiseducatius.xtec.cat\/bergueda\/wp-json\/wp\/v2\/media\/14627"}],"wp:attachment":[{"href":"https:\/\/serveiseducatius.xtec.cat\/bergueda\/wp-json\/wp\/v2\/media?parent=14625"}],"wp:term":[{"taxonomy":"category","embeddable":true,"href":"https:\/\/serveiseducatius.xtec.cat\/bergueda\/wp-json\/wp\/v2\/categories?post=14625"},{"taxonomy":"post_tag","embeddable":true,"href":"https:\/\/serveiseducatius.xtec.cat\/bergueda\/wp-json\/wp\/v2\/tags?post=14625"}],"curies":[{"name":"wp","href":"https:\/\/api.w.org\/{rel}","templated":true}]}}