{"id":14479,"date":"2022-03-21T11:15:15","date_gmt":"2022-03-21T10:15:15","guid":{"rendered":"https:\/\/serveiseducatius.xtec.cat\/bergueda\/?p=14479"},"modified":"2022-03-21T11:20:44","modified_gmt":"2022-03-21T10:20:44","slug":"projectes-deducacio-i-sensibilitzacio-ambiental","status":"publish","type":"post","link":"https:\/\/serveiseducatius.xtec.cat\/bergueda\/comunitat\/servei-comunitari\/projectes-deducacio-i-sensibilitzacio-ambiental\/","title":{"rendered":"Projectes d\u2019educaci\u00f3 i sensibilitzaci\u00f3 ambiental"},"content":{"rendered":"<p><a href=\"https:\/\/mediambient.gencat.cat\/ca\/detalls\/Noticies\/20220317-resultats-jornada-presentacio-projectes-educacio-sensibilitzacio-ambiental\"><img loading=\"lazy\" decoding=\"async\" class=\"size-full wp-image-14481 aligncenter\" src=\"https:\/\/serveiseducatius.xtec.cat\/bergueda\/wp-content\/uploads\/usu878\/2022\/03\/ambiental-1.jpg\" alt=\"\" width=\"792\" height=\"446\" srcset=\"https:\/\/serveiseducatius.xtec.cat\/bergueda\/wp-content\/uploads\/usu878\/2022\/03\/ambiental-1.jpg 792w, https:\/\/serveiseducatius.xtec.cat\/bergueda\/wp-content\/uploads\/usu878\/2022\/03\/ambiental-1-300x169.jpg 300w, https:\/\/serveiseducatius.xtec.cat\/bergueda\/wp-content\/uploads\/usu878\/2022\/03\/ambiental-1-768x432.jpg 768w\" sizes=\"auto, (max-width: 792px) 100vw, 792px\" \/><\/a><br \/>\nA l&#8217;<a href=\"https:\/\/mediambient.gencat.cat\/ca\/detalls\/Noticies\/20220317-resultats-jornada-presentacio-projectes-educacio-sensibilitzacio-ambiental\">espai web del Departament de Medi Ambient i Sostenibilitat<\/a> s&#8217;ha publicat una presentaci\u00f3 de tots els projectes de Servei Comunitari i Aprenentatge Servei (ApS) ambiental subvencionat a la convocat\u00f2ria de l&#8217;any 2020. S\u00f3n accions molt interessants i suggeridores d&#8217;accions de <a href=\"https:\/\/mediambient.gencat.cat\/web\/.content\/home\/ambits_dactuacio\/educacio_i_sostenibilitat\/tercer_sector_ambiental\/subvencions\/educacio-sensibilitzacio-ambiental\/Presentacio-projectes-EiSA20_22.pdf\" target=\"_blank\" rel=\"noopener\" data-saferedirecturl=\"https:\/\/www.google.com\/url?q=https:\/\/mediambient.gencat.cat\/web\/.content\/home\/ambits_dactuacio\/educacio_i_sostenibilitat\/tercer_sector_ambiental\/subvencions\/educacio-sensibilitzacio-ambiental\/Presentacio-projectes-EiSA20_22.pdf&amp;source=gmail&amp;ust=1647941145338000&amp;usg=AOvVaw1pJCnDsTVKto4Q5Z0kwh4O\">SC ambiental<\/a>.<\/p>\n","protected":false},"excerpt":{"rendered":"<p>A l&#8217;espai web del Departament de Medi Ambient i Sostenibilitat s&#8217;ha publicat una presentaci\u00f3 de tots els projectes de SC i ApS ambiental subvencionat a la convocat\u00f2ria de l&#8217;any 2020. S\u00f3n accions molt interessants i suggeridores d&#8217;accions de\u00a0SC ambiental.<\/p>\n","protected":false},"author":1,"featured_media":14480,"comment_status":"closed","ping_status":"closed","sticky":false,"template":"","format":"standard","meta":{"_bbp_topic_count":0,"_bbp_reply_count":0,"_bbp_total_topic_count":0,"_bbp_total_reply_count":0,"_bbp_voice_count":0,"_bbp_anonymous_reply_count":0,"_bbp_topic_count_hidden":0,"_bbp_reply_count_hidden":0,"_bbp_forum_subforum_count":0,"site-sidebar-layout":"default","site-content-layout":"","ast-site-content-layout":"","site-content-style":"default","site-sidebar-style":"default","ast-global-header-display":"","ast-banner-title-visibility":"","ast-main-header-display":"","ast-hfb-above-header-display":"","ast-hfb-below-header-display":"","ast-hfb-mobile-header-display":"","site-post-title":"","ast-breadcrumbs-content":"","ast-featured-img":"","footer-sml-layout":"","theme-transparent-header-meta":"","adv-header-id-meta":"","stick-header-meta":"","header-above-stick-meta":"","header-main-stick-meta":"","header-below-stick-meta":"","astra-migrate-meta-layouts":"default","ast-page-background-enabled":"default","ast-page-background-meta":{"desktop":{"background-color":"var(--ast-global-color-4)","background-image":"","background-repeat":"repeat","background-position":"center center","background-size":"auto","background-attachment":"scroll","background-type":"","background-media":"","overlay-type":"","overlay-color":"","overlay-opacity":"","overlay-gradient":""},"tablet":{"background-color":"","background-image":"","background-repeat":"repeat","background-position":"center center","background-size":"auto","background-attachment":"scroll","background-type":"","background-media":"","overlay-type":"","overlay-color":"","overlay-opacity":"","overlay-gradient":""},"mobile":{"background-color":"","background-image":"","background-repeat":"repeat","background-position":"center center","background-size":"auto","background-attachment":"scroll","background-type":"","background-media":"","overlay-type":"","overlay-color":"","overlay-opacity":"","overlay-gradient":""}},"ast-content-background-meta":{"desktop":{"background-color":"var(--ast-global-color-5)","background-image":"","background-repeat":"repeat","background-position":"center center","background-size":"auto","background-attachment":"scroll","background-type":"","background-media":"","overlay-type":"","overlay-color":"","overlay-opacity":"","overlay-gradient":""},"tablet":{"background-color":"var(--ast-global-color-5)","background-image":"","background-repeat":"repeat","background-position":"center center","background-size":"auto","background-attachment":"scroll","background-type":"","background-media":"","overlay-type":"","overlay-color":"","overlay-opacity":"","overlay-gradient":""},"mobile":{"background-color":"var(--ast-global-color-5)","background-image":"","background-repeat":"repeat","background-position":"center center","background-size":"auto","background-attachment":"scroll","background-type":"","background-media":"","overlay-type":"","overlay-color":"","overlay-opacity":"","overlay-gradient":""}},"footnotes":""},"categories":[77],"tags":[],"class_list":["post-14479","post","type-post","status-publish","format-standard","has-post-thumbnail","hentry","category-servei-comunitari"],"post_mailing_queue_ids":[],"_links":{"self":[{"href":"https:\/\/serveiseducatius.xtec.cat\/bergueda\/wp-json\/wp\/v2\/posts\/14479","targetHints":{"allow":["GET"]}}],"collection":[{"href":"https:\/\/serveiseducatius.xtec.cat\/bergueda\/wp-json\/wp\/v2\/posts"}],"about":[{"href":"https:\/\/serveiseducatius.xtec.cat\/bergueda\/wp-json\/wp\/v2\/types\/post"}],"author":[{"embeddable":true,"href":"https:\/\/serveiseducatius.xtec.cat\/bergueda\/wp-json\/wp\/v2\/users\/1"}],"replies":[{"embeddable":true,"href":"https:\/\/serveiseducatius.xtec.cat\/bergueda\/wp-json\/wp\/v2\/comments?post=14479"}],"version-history":[{"count":2,"href":"https:\/\/serveiseducatius.xtec.cat\/bergueda\/wp-json\/wp\/v2\/posts\/14479\/revisions"}],"predecessor-version":[{"id":14483,"href":"https:\/\/serveiseducatius.xtec.cat\/bergueda\/wp-json\/wp\/v2\/posts\/14479\/revisions\/14483"}],"wp:featuredmedia":[{"embeddable":true,"href":"https:\/\/serveiseducatius.xtec.cat\/bergueda\/wp-json\/wp\/v2\/media\/14480"}],"wp:attachment":[{"href":"https:\/\/serveiseducatius.xtec.cat\/bergueda\/wp-json\/wp\/v2\/media?parent=14479"}],"wp:term":[{"taxonomy":"category","embeddable":true,"href":"https:\/\/serveiseducatius.xtec.cat\/bergueda\/wp-json\/wp\/v2\/categories?post=14479"},{"taxonomy":"post_tag","embeddable":true,"href":"https:\/\/serveiseducatius.xtec.cat\/bergueda\/wp-json\/wp\/v2\/tags?post=14479"}],"curies":[{"name":"wp","href":"https:\/\/api.w.org\/{rel}","templated":true}]}}