{"id":14475,"date":"2022-03-21T11:05:06","date_gmt":"2022-03-21T10:05:06","guid":{"rendered":"https:\/\/serveiseducatius.xtec.cat\/bergueda\/?p=14475"},"modified":"2022-03-21T11:05:28","modified_gmt":"2022-03-21T10:05:28","slug":"fer-aps-per-una-alimentacio-sostenible","status":"publish","type":"post","link":"https:\/\/serveiseducatius.xtec.cat\/bergueda\/comunitat\/servei-comunitari\/fer-aps-per-una-alimentacio-sostenible\/","title":{"rendered":"Fer ApS per una alimentaci\u00f3 sostenible"},"content":{"rendered":"<p><a href=\"https:\/\/diarieducacio.cat\/aprenentatgeservei\/2022\/03\/14\/fer-aps-per-una-alimentacio-sostenible\/\"><img loading=\"lazy\" decoding=\"async\" class=\"size-full wp-image-14476 aligncenter\" src=\"https:\/\/serveiseducatius.xtec.cat\/bergueda\/wp-content\/uploads\/usu878\/2022\/03\/aprenentatgeservei.png\" alt=\"\" width=\"1020\" height=\"92\" srcset=\"https:\/\/serveiseducatius.xtec.cat\/bergueda\/wp-content\/uploads\/usu878\/2022\/03\/aprenentatgeservei.png 1020w, https:\/\/serveiseducatius.xtec.cat\/bergueda\/wp-content\/uploads\/usu878\/2022\/03\/aprenentatgeservei-300x27.png 300w, https:\/\/serveiseducatius.xtec.cat\/bergueda\/wp-content\/uploads\/usu878\/2022\/03\/aprenentatgeservei-768x69.png 768w\" sizes=\"auto, (max-width: 1020px) 100vw, 1020px\" \/><\/a><br \/>\nEl <a href=\"https:\/\/diarieducacio.cat\/aprenentatgeservei\/2022\/03\/14\/fer-aps-per-una-alimentacio-sostenible\/\">Diari de l&#8217;Educaci\u00f3 en el seu n\u00famero del 14 de mar\u00e7<\/a> ens fa aquesta proposta.<\/p>\n<p>Dur a terme ApS en l\u2019\u00e0mbit del sistema agroalimentari \u00e9s una oportunitat \u00fanica per reflexionar sobre una activitat tan quotidiana i imprescindible com \u00e9s el menjar. Per\u00f2 sobretot, una oportunitat per provocar incomoditats que ens interpel\u00b7lin a actuar sobre la realitat que ens envolta.<\/p>\n<p>S\u00f3n moltes les accions ApS que es poden emprendre per avan\u00e7ar cap a una sistema i una alimentaci\u00f3 m\u00e9s saludable, justa i sostenible.<\/p>\n<p><a href=\"https:\/\/diarieducacio.cat\/aprenentatgeservei\/2022\/03\/14\/fer-aps-per-una-alimentacio-sostenible\/\">M\u00e9s informaci\u00f3<\/a><\/p>\n","protected":false},"excerpt":{"rendered":"<p>Dur a terme ApS en l\u2019\u00e0mbit del sistema agroalimentari \u00e9s una oportunitat \u00fanica per reflexionar sobre una activitat tan quotidiana i imprescindible com \u00e9s el menjar. Per\u00f2 sobretot, una oportunitat per provocar incomoditats que ens interpel\u00b7lin a actuar sobre la realitat que ens envolta.<\/p>\n","protected":false},"author":1,"featured_media":14477,"comment_status":"closed","ping_status":"closed","sticky":false,"template":"","format":"standard","meta":{"_bbp_topic_count":0,"_bbp_reply_count":0,"_bbp_total_topic_count":0,"_bbp_total_reply_count":0,"_bbp_voice_count":0,"_bbp_anonymous_reply_count":0,"_bbp_topic_count_hidden":0,"_bbp_reply_count_hidden":0,"_bbp_forum_subforum_count":0,"site-sidebar-layout":"default","site-content-layout":"","ast-site-content-layout":"","site-content-style":"default","site-sidebar-style":"default","ast-global-header-display":"","ast-banner-title-visibility":"","ast-main-header-display":"","ast-hfb-above-header-display":"","ast-hfb-below-header-display":"","ast-hfb-mobile-header-display":"","site-post-title":"","ast-breadcrumbs-content":"","ast-featured-img":"","footer-sml-layout":"","theme-transparent-header-meta":"","adv-header-id-meta":"","stick-header-meta":"","header-above-stick-meta":"","header-main-stick-meta":"","header-below-stick-meta":"","astra-migrate-meta-layouts":"default","ast-page-background-enabled":"default","ast-page-background-meta":{"desktop":{"background-color":"var(--ast-global-color-4)","background-image":"","background-repeat":"repeat","background-position":"center center","background-size":"auto","background-attachment":"scroll","background-type":"","background-media":"","overlay-type":"","overlay-color":"","overlay-opacity":"","overlay-gradient":""},"tablet":{"background-color":"","background-image":"","background-repeat":"repeat","background-position":"center center","background-size":"auto","background-attachment":"scroll","background-type":"","background-media":"","overlay-type":"","overlay-color":"","overlay-opacity":"","overlay-gradient":""},"mobile":{"background-color":"","background-image":"","background-repeat":"repeat","background-position":"center center","background-size":"auto","background-attachment":"scroll","background-type":"","background-media":"","overlay-type":"","overlay-color":"","overlay-opacity":"","overlay-gradient":""}},"ast-content-background-meta":{"desktop":{"background-color":"var(--ast-global-color-5)","background-image":"","background-repeat":"repeat","background-position":"center center","background-size":"auto","background-attachment":"scroll","background-type":"","background-media":"","overlay-type":"","overlay-color":"","overlay-opacity":"","overlay-gradient":""},"tablet":{"background-color":"var(--ast-global-color-5)","background-image":"","background-repeat":"repeat","background-position":"center center","background-size":"auto","background-attachment":"scroll","background-type":"","background-media":"","overlay-type":"","overlay-color":"","overlay-opacity":"","overlay-gradient":""},"mobile":{"background-color":"var(--ast-global-color-5)","background-image":"","background-repeat":"repeat","background-position":"center center","background-size":"auto","background-attachment":"scroll","background-type":"","background-media":"","overlay-type":"","overlay-color":"","overlay-opacity":"","overlay-gradient":""}},"footnotes":""},"categories":[77],"tags":[],"class_list":["post-14475","post","type-post","status-publish","format-standard","has-post-thumbnail","hentry","category-servei-comunitari"],"post_mailing_queue_ids":[],"_links":{"self":[{"href":"https:\/\/serveiseducatius.xtec.cat\/bergueda\/wp-json\/wp\/v2\/posts\/14475","targetHints":{"allow":["GET"]}}],"collection":[{"href":"https:\/\/serveiseducatius.xtec.cat\/bergueda\/wp-json\/wp\/v2\/posts"}],"about":[{"href":"https:\/\/serveiseducatius.xtec.cat\/bergueda\/wp-json\/wp\/v2\/types\/post"}],"author":[{"embeddable":true,"href":"https:\/\/serveiseducatius.xtec.cat\/bergueda\/wp-json\/wp\/v2\/users\/1"}],"replies":[{"embeddable":true,"href":"https:\/\/serveiseducatius.xtec.cat\/bergueda\/wp-json\/wp\/v2\/comments?post=14475"}],"version-history":[{"count":1,"href":"https:\/\/serveiseducatius.xtec.cat\/bergueda\/wp-json\/wp\/v2\/posts\/14475\/revisions"}],"predecessor-version":[{"id":14478,"href":"https:\/\/serveiseducatius.xtec.cat\/bergueda\/wp-json\/wp\/v2\/posts\/14475\/revisions\/14478"}],"wp:featuredmedia":[{"embeddable":true,"href":"https:\/\/serveiseducatius.xtec.cat\/bergueda\/wp-json\/wp\/v2\/media\/14477"}],"wp:attachment":[{"href":"https:\/\/serveiseducatius.xtec.cat\/bergueda\/wp-json\/wp\/v2\/media?parent=14475"}],"wp:term":[{"taxonomy":"category","embeddable":true,"href":"https:\/\/serveiseducatius.xtec.cat\/bergueda\/wp-json\/wp\/v2\/categories?post=14475"},{"taxonomy":"post_tag","embeddable":true,"href":"https:\/\/serveiseducatius.xtec.cat\/bergueda\/wp-json\/wp\/v2\/tags?post=14475"}],"curies":[{"name":"wp","href":"https:\/\/api.w.org\/{rel}","templated":true}]}}