{"id":14394,"date":"2022-03-11T12:46:27","date_gmt":"2022-03-11T11:46:27","guid":{"rendered":"https:\/\/serveiseducatius.xtec.cat\/bergueda\/?p=14394"},"modified":"2022-03-11T12:52:10","modified_gmt":"2022-03-11T11:52:10","slug":"com-era-el-bergueda","status":"publish","type":"post","link":"https:\/\/serveiseducatius.xtec.cat\/bergueda\/portada\/com-era-el-bergueda\/","title":{"rendered":"Com era el Bergued\u00e0?"},"content":{"rendered":"<p class=\"_04xlpA direction-ltr align-center para-style-body\"><span class=\"JsGRdQ\">El carb\u00f3, el t\u00e8xtil i el carrilet!\u00a0 Records del Bergued\u00e0.<\/span><\/p>\n<p class=\"_04xlpA direction-ltr align-center para-style-body\"><span class=\"JsGRdQ\">Confer\u00e8ncia i fotografies a c\u00e0rrec d&#8217;en Ramon Soler. <\/span><span class=\"JsGRdQ\">Activitat a centre per a tot l&#8217;alumnat.<\/span><\/p>\n<p>Cadascun d\u2019aquests tres estudis es pot veure per mitj\u00e0 de 65 imatges. S\u00f3n un record d\u2019all\u00f2 que havia estat la comarca del Bergued\u00e0.<br \/>\nCada treball ens ocupar\u00e0 una hora i \u00e9s molt enriquidor tant per a alumnat com per a professorat, sobretot per recordar d\u2019on venim i per observar els canvis que ha sofert la ind\u00fastria.<br \/>\n\u00c9s un acte gratu\u00eft que nom\u00e9s requereix la instal\u00b7laci\u00f3 d\u2019un aparell per passar les imatges i una pantalla on projectar-les.<br \/>\nEl correu de contacte per sol\u00b7licitar activitats \u00e9s: <strong>soler7riba@hotmail.com<\/strong><\/p>\n<p><a href=\"https:\/\/serveiseducatius.xtec.cat\/bergueda\/wp-content\/uploads\/usu878\/2022\/03\/solercarbo-e1646999020504.jpg\"><img loading=\"lazy\" decoding=\"async\" class=\"size-full wp-image-14395 alignleft\" src=\"https:\/\/serveiseducatius.xtec.cat\/bergueda\/wp-content\/uploads\/usu878\/2022\/03\/solercarbo-e1646999020504.jpg\" alt=\"\" width=\"500\" height=\"349\" \/><\/a>EL DECLIVI DEL CARB\u00d3<\/p>\n<p>Van ser molts els anys que el carb\u00f3 va donar vida a moltes fam\u00edlies i que tamb\u00e9 la va llevar a un bon nombre de treballadors.<\/p>\n<p>Avui, nom\u00e9s s\u2019explota una mina en el municipi de Guardiola d\u2019on treuen la pedra per convertir-la en ciment.<\/p>\n<p>Les imatges d\u2019aquest treball ens donen una visi\u00f3 del llarg proc\u00e9s d\u2019extracci\u00f3, fins a ser cremat a la nova central t\u00e8rmica de Cercs.<\/p>\n<p>&nbsp;<\/p>\n<hr \/>\n<p><a href=\"https:\/\/serveiseducatius.xtec.cat\/bergueda\/wp-content\/uploads\/usu878\/2022\/03\/solertelers-e1646999046991.jpg\"><img loading=\"lazy\" decoding=\"async\" class=\"size-full wp-image-14396 alignright\" src=\"https:\/\/serveiseducatius.xtec.cat\/bergueda\/wp-content\/uploads\/usu878\/2022\/03\/solertelers-e1646999046991.jpg\" alt=\"\" width=\"500\" height=\"366\" \/><\/a><br \/>\nVELLES IND\u00daSTRIES CENTEN\u00c0RIES<\/p>\n<p>\u00c9s un fet gaireb\u00e9 \u00fanic, que en un tram de vint quil\u00f2metres s\u2019hi trobessin quinze f\u00e0briques de riu, on una darrere l\u2019altra aprofitaven l\u2019aigua del Llobregat per fer moure les seves m\u00e0quines.<\/p>\n<p>Avui nom\u00e9s tres d\u2019aquestes velles naus alberguen m\u00e0quines modernes que no tenen res a veure amb aquells embarrats, tocs de sirena i pols del cot\u00f3.<\/p>\n<p>Les imatges que s\u2019il\u00b7lustren ens ensenyen com es vivia a les col\u00f2nies i de quines comoditats gaudien els seus estadants.<\/p>\n<p>&nbsp;<\/p>\n<hr \/>\n<p><a href=\"https:\/\/serveiseducatius.xtec.cat\/bergueda\/wp-content\/uploads\/usu878\/2022\/03\/solertren-e1646999137814.jpg\"><img loading=\"lazy\" decoding=\"async\" class=\"size-full wp-image-14397 alignleft\" src=\"https:\/\/serveiseducatius.xtec.cat\/bergueda\/wp-content\/uploads\/usu878\/2022\/03\/solertren-e1646999137814.jpg\" alt=\"\" width=\"500\" height=\"355\" \/><\/a>TOT UN S\u00cdMBOL PER UNA COMARCA EMINENTMENT INDUSTRIAL<\/p>\n<p>El carrilet, aquell tren que va donar tanta i tanta vida al Bergued\u00e0.<\/p>\n<p>El carb\u00f3 marxava carregat en vagons fins al seu dest\u00ed, i la roba teixida, passada rere passada, arribava a l\u2019acabador per poder ser comercialitzada.<\/p>\n<p>Avui pocs vestigis queden d\u2019aquell tren que havia esdevingut un motor per a la comarca. En el treball s\u2019observa com va n\u00e9ixer aquest transport. El fet que desaparegu\u00e9s de les nostres contrades va ser per la deixadesa dels qui manaven aleshores.<\/p>\n","protected":false},"excerpt":{"rendered":"<p>El carb\u00f3, el t\u00e8xtil i el carrilet! Records del Bergued\u00e0.<br \/>\nConfer\u00e8ncia i fotografies a c\u00e0rrec d&#8217;en Ramon Soler.<br \/>\nActivitat gratu\u00efta a centre per a tot l&#8217;alumnat.<\/p>\n","protected":false},"author":1,"featured_media":14398,"comment_status":"closed","ping_status":"closed","sticky":false,"template":"","format":"standard","meta":{"_bbp_topic_count":0,"_bbp_reply_count":0,"_bbp_total_topic_count":0,"_bbp_total_reply_count":0,"_bbp_voice_count":0,"_bbp_anonymous_reply_count":0,"_bbp_topic_count_hidden":0,"_bbp_reply_count_hidden":0,"_bbp_forum_subforum_count":0,"site-sidebar-layout":"default","site-content-layout":"","ast-site-content-layout":"","site-content-style":"default","site-sidebar-style":"default","ast-global-header-display":"","ast-banner-title-visibility":"","ast-main-header-display":"","ast-hfb-above-header-display":"","ast-hfb-below-header-display":"","ast-hfb-mobile-header-display":"","site-post-title":"","ast-breadcrumbs-content":"","ast-featured-img":"","footer-sml-layout":"","theme-transparent-header-meta":"","adv-header-id-meta":"","stick-header-meta":"","header-above-stick-meta":"","header-main-stick-meta":"","header-below-stick-meta":"","astra-migrate-meta-layouts":"default","ast-page-background-enabled":"default","ast-page-background-meta":{"desktop":{"background-color":"var(--ast-global-color-4)","background-image":"","background-repeat":"repeat","background-position":"center center","background-size":"auto","background-attachment":"scroll","background-type":"","background-media":"","overlay-type":"","overlay-color":"","overlay-opacity":"","overlay-gradient":""},"tablet":{"background-color":"","background-image":"","background-repeat":"repeat","background-position":"center center","background-size":"auto","background-attachment":"scroll","background-type":"","background-media":"","overlay-type":"","overlay-color":"","overlay-opacity":"","overlay-gradient":""},"mobile":{"background-color":"","background-image":"","background-repeat":"repeat","background-position":"center center","background-size":"auto","background-attachment":"scroll","background-type":"","background-media":"","overlay-type":"","overlay-color":"","overlay-opacity":"","overlay-gradient":""}},"ast-content-background-meta":{"desktop":{"background-color":"var(--ast-global-color-5)","background-image":"","background-repeat":"repeat","background-position":"center center","background-size":"auto","background-attachment":"scroll","background-type":"","background-media":"","overlay-type":"","overlay-color":"","overlay-opacity":"","overlay-gradient":""},"tablet":{"background-color":"var(--ast-global-color-5)","background-image":"","background-repeat":"repeat","background-position":"center center","background-size":"auto","background-attachment":"scroll","background-type":"","background-media":"","overlay-type":"","overlay-color":"","overlay-opacity":"","overlay-gradient":""},"mobile":{"background-color":"var(--ast-global-color-5)","background-image":"","background-repeat":"repeat","background-position":"center center","background-size":"auto","background-attachment":"scroll","background-type":"","background-media":"","overlay-type":"","overlay-color":"","overlay-opacity":"","overlay-gradient":""}},"footnotes":""},"categories":[29],"tags":[],"class_list":["post-14394","post","type-post","status-publish","format-standard","has-post-thumbnail","hentry","category-portada"],"post_mailing_queue_ids":[],"_links":{"self":[{"href":"https:\/\/serveiseducatius.xtec.cat\/bergueda\/wp-json\/wp\/v2\/posts\/14394","targetHints":{"allow":["GET"]}}],"collection":[{"href":"https:\/\/serveiseducatius.xtec.cat\/bergueda\/wp-json\/wp\/v2\/posts"}],"about":[{"href":"https:\/\/serveiseducatius.xtec.cat\/bergueda\/wp-json\/wp\/v2\/types\/post"}],"author":[{"embeddable":true,"href":"https:\/\/serveiseducatius.xtec.cat\/bergueda\/wp-json\/wp\/v2\/users\/1"}],"replies":[{"embeddable":true,"href":"https:\/\/serveiseducatius.xtec.cat\/bergueda\/wp-json\/wp\/v2\/comments?post=14394"}],"version-history":[{"count":3,"href":"https:\/\/serveiseducatius.xtec.cat\/bergueda\/wp-json\/wp\/v2\/posts\/14394\/revisions"}],"predecessor-version":[{"id":14404,"href":"https:\/\/serveiseducatius.xtec.cat\/bergueda\/wp-json\/wp\/v2\/posts\/14394\/revisions\/14404"}],"wp:featuredmedia":[{"embeddable":true,"href":"https:\/\/serveiseducatius.xtec.cat\/bergueda\/wp-json\/wp\/v2\/media\/14398"}],"wp:attachment":[{"href":"https:\/\/serveiseducatius.xtec.cat\/bergueda\/wp-json\/wp\/v2\/media?parent=14394"}],"wp:term":[{"taxonomy":"category","embeddable":true,"href":"https:\/\/serveiseducatius.xtec.cat\/bergueda\/wp-json\/wp\/v2\/categories?post=14394"},{"taxonomy":"post_tag","embeddable":true,"href":"https:\/\/serveiseducatius.xtec.cat\/bergueda\/wp-json\/wp\/v2\/tags?post=14394"}],"curies":[{"name":"wp","href":"https:\/\/api.w.org\/{rel}","templated":true}]}}