{"id":14388,"date":"2022-03-11T12:26:48","date_gmt":"2022-03-11T11:26:48","guid":{"rendered":"https:\/\/serveiseducatius.xtec.cat\/bergueda\/?p=14388"},"modified":"2022-03-11T12:29:05","modified_gmt":"2022-03-11T11:29:05","slug":"30a-edicio-de-la-fira-de-lestudiant","status":"publish","type":"post","link":"https:\/\/serveiseducatius.xtec.cat\/bergueda\/portada\/30a-edicio-de-la-fira-de-lestudiant\/","title":{"rendered":"30a edici\u00f3 de La Fira de l\u2019Estudiant"},"content":{"rendered":"<p><span style=\"font-weight: 400;\"><a href=\"https:\/\/serveiseducatius.xtec.cat\/bergueda\/wp-content\/uploads\/usu878\/2022\/03\/firaestuiant2022.jpg\"><img loading=\"lazy\" decoding=\"async\" class=\" wp-image-14389 alignleft\" src=\"https:\/\/serveiseducatius.xtec.cat\/bergueda\/wp-content\/uploads\/usu878\/2022\/03\/firaestuiant2022.jpg\" alt=\"\" width=\"502\" height=\"712\" srcset=\"https:\/\/serveiseducatius.xtec.cat\/bergueda\/wp-content\/uploads\/usu878\/2022\/03\/firaestuiant2022.jpg 575w, https:\/\/serveiseducatius.xtec.cat\/bergueda\/wp-content\/uploads\/usu878\/2022\/03\/firaestuiant2022-212x300.jpg 212w\" sizes=\"auto, (max-width: 502px) 100vw, 502px\" \/><\/a>Aquest 2022\u00a0 la <\/span><a href=\"https:\/\/www.firaestudiant.cat\/\"><span style=\"font-weight: 400;\">Fira de l\u2019Estudiant<\/span><\/a><span style=\"font-weight: 400;\"> celebra la seva 30a edici\u00f3. Es portar\u00e0 a terme del 21 de mar\u00e7 al 8 d\u2019abril i per tercer any consecutiu ser\u00e0 virtual. \u00c9s un espai d\u2019orientaci\u00f3 acad\u00e8mica, formativa, ocupacional on es pot trobar informaci\u00f3 de l\u2019oferta educativa de les comarques del Bages, Bergued\u00e0, Moian\u00e8s i Solson\u00e8s.<\/span><\/p>\n<p><span style=\"font-weight: 400;\">En el marc de la Fira s\u2019organitzen <\/span><a href=\"https:\/\/www.firaestudiant.cat\/activitats\/\"><span style=\"font-weight: 400;\">activitats<\/span><\/a><span style=\"font-weight: 400;\"> adre\u00e7ades a alumnat i tamb\u00e9 a fam\u00edlies i professionals. Per a aquest darrer col\u00b7lectiu, us pot interessar la xerrada <\/span><b><i>Orientar en moments de crisi<\/i><\/b><span style=\"font-weight: 400;\">, que es far\u00e0 de manera virtual el dilluns 28 de mar\u00e7 a les 4 de la tarda, i per la qual cal <\/span><a href=\"https:\/\/docs.google.com\/forms\/d\/e\/1FAIpQLScvKtfczQ92m_b4hulBHIzbRzgtPB2mvveR58eq880izPSRFg\/viewform\"><span style=\"font-weight: 400;\">inscripci\u00f3 pr\u00e8via<\/span><\/a><span style=\"font-weight: 400;\">.<\/span><\/p>\n<p><span style=\"font-weight: 400;\">Us convidem a navegar pel web de la Fira on podreu trobar molta informaci\u00f3, recursos i la possibilitat d\u2019orientaci\u00f3 individualitzada, una informaci\u00f3 que tamb\u00e9 podeu fer arribar a les fam\u00edlies i a l\u2019alumnat<\/span><\/p>\n","protected":false},"excerpt":{"rendered":"<p>Aquest 2022\u00a0 la Fira de l\u2019Estudiant celebra la seva 30a edici\u00f3. Es portar\u00e0 a terme del 21 de mar\u00e7 al 8 d\u2019abril i per tercer any consecutiu ser\u00e0 virtual.<\/p>\n","protected":false},"author":1,"featured_media":14390,"comment_status":"closed","ping_status":"closed","sticky":false,"template":"","format":"standard","meta":{"_bbp_topic_count":0,"_bbp_reply_count":0,"_bbp_total_topic_count":0,"_bbp_total_reply_count":0,"_bbp_voice_count":0,"_bbp_anonymous_reply_count":0,"_bbp_topic_count_hidden":0,"_bbp_reply_count_hidden":0,"_bbp_forum_subforum_count":0,"site-sidebar-layout":"default","site-content-layout":"","ast-site-content-layout":"","site-content-style":"default","site-sidebar-style":"default","ast-global-header-display":"","ast-banner-title-visibility":"","ast-main-header-display":"","ast-hfb-above-header-display":"","ast-hfb-below-header-display":"","ast-hfb-mobile-header-display":"","site-post-title":"","ast-breadcrumbs-content":"","ast-featured-img":"","footer-sml-layout":"","theme-transparent-header-meta":"","adv-header-id-meta":"","stick-header-meta":"","header-above-stick-meta":"","header-main-stick-meta":"","header-below-stick-meta":"","astra-migrate-meta-layouts":"default","ast-page-background-enabled":"default","ast-page-background-meta":{"desktop":{"background-color":"var(--ast-global-color-4)","background-image":"","background-repeat":"repeat","background-position":"center center","background-size":"auto","background-attachment":"scroll","background-type":"","background-media":"","overlay-type":"","overlay-color":"","overlay-opacity":"","overlay-gradient":""},"tablet":{"background-color":"","background-image":"","background-repeat":"repeat","background-position":"center center","background-size":"auto","background-attachment":"scroll","background-type":"","background-media":"","overlay-type":"","overlay-color":"","overlay-opacity":"","overlay-gradient":""},"mobile":{"background-color":"","background-image":"","background-repeat":"repeat","background-position":"center center","background-size":"auto","background-attachment":"scroll","background-type":"","background-media":"","overlay-type":"","overlay-color":"","overlay-opacity":"","overlay-gradient":""}},"ast-content-background-meta":{"desktop":{"background-color":"var(--ast-global-color-5)","background-image":"","background-repeat":"repeat","background-position":"center center","background-size":"auto","background-attachment":"scroll","background-type":"","background-media":"","overlay-type":"","overlay-color":"","overlay-opacity":"","overlay-gradient":""},"tablet":{"background-color":"var(--ast-global-color-5)","background-image":"","background-repeat":"repeat","background-position":"center center","background-size":"auto","background-attachment":"scroll","background-type":"","background-media":"","overlay-type":"","overlay-color":"","overlay-opacity":"","overlay-gradient":""},"mobile":{"background-color":"var(--ast-global-color-5)","background-image":"","background-repeat":"repeat","background-position":"center center","background-size":"auto","background-attachment":"scroll","background-type":"","background-media":"","overlay-type":"","overlay-color":"","overlay-opacity":"","overlay-gradient":""}},"footnotes":""},"categories":[29],"tags":[],"class_list":["post-14388","post","type-post","status-publish","format-standard","has-post-thumbnail","hentry","category-portada"],"post_mailing_queue_ids":[],"_links":{"self":[{"href":"https:\/\/serveiseducatius.xtec.cat\/bergueda\/wp-json\/wp\/v2\/posts\/14388","targetHints":{"allow":["GET"]}}],"collection":[{"href":"https:\/\/serveiseducatius.xtec.cat\/bergueda\/wp-json\/wp\/v2\/posts"}],"about":[{"href":"https:\/\/serveiseducatius.xtec.cat\/bergueda\/wp-json\/wp\/v2\/types\/post"}],"author":[{"embeddable":true,"href":"https:\/\/serveiseducatius.xtec.cat\/bergueda\/wp-json\/wp\/v2\/users\/1"}],"replies":[{"embeddable":true,"href":"https:\/\/serveiseducatius.xtec.cat\/bergueda\/wp-json\/wp\/v2\/comments?post=14388"}],"version-history":[{"count":2,"href":"https:\/\/serveiseducatius.xtec.cat\/bergueda\/wp-json\/wp\/v2\/posts\/14388\/revisions"}],"predecessor-version":[{"id":14393,"href":"https:\/\/serveiseducatius.xtec.cat\/bergueda\/wp-json\/wp\/v2\/posts\/14388\/revisions\/14393"}],"wp:featuredmedia":[{"embeddable":true,"href":"https:\/\/serveiseducatius.xtec.cat\/bergueda\/wp-json\/wp\/v2\/media\/14390"}],"wp:attachment":[{"href":"https:\/\/serveiseducatius.xtec.cat\/bergueda\/wp-json\/wp\/v2\/media?parent=14388"}],"wp:term":[{"taxonomy":"category","embeddable":true,"href":"https:\/\/serveiseducatius.xtec.cat\/bergueda\/wp-json\/wp\/v2\/categories?post=14388"},{"taxonomy":"post_tag","embeddable":true,"href":"https:\/\/serveiseducatius.xtec.cat\/bergueda\/wp-json\/wp\/v2\/tags?post=14388"}],"curies":[{"name":"wp","href":"https:\/\/api.w.org\/{rel}","templated":true}]}}