{"id":14378,"date":"2022-03-09T11:41:29","date_gmt":"2022-03-09T10:41:29","guid":{"rendered":"https:\/\/serveiseducatius.xtec.cat\/bergueda\/?p=14378"},"modified":"2022-03-09T11:41:29","modified_gmt":"2022-03-09T10:41:29","slug":"21-de-marc-dia-mundial-de-la-poesia","status":"publish","type":"post","link":"https:\/\/serveiseducatius.xtec.cat\/bergueda\/portada\/21-de-marc-dia-mundial-de-la-poesia\/","title":{"rendered":"21 de mar\u00e7. Dia Mundial de la Poesia"},"content":{"rendered":"<p><a href=\"https:\/\/serveiseducatius.xtec.cat\/bergueda\/wp-content\/uploads\/usu878\/2022\/03\/dia-mundial-poesia-poster.jpg\"><img loading=\"lazy\" decoding=\"async\" class=\" wp-image-14380 alignleft\" src=\"https:\/\/serveiseducatius.xtec.cat\/bergueda\/wp-content\/uploads\/usu878\/2022\/03\/dia-mundial-poesia-poster.jpg\" alt=\"\" width=\"500\" height=\"712\" srcset=\"https:\/\/serveiseducatius.xtec.cat\/bergueda\/wp-content\/uploads\/usu878\/2022\/03\/dia-mundial-poesia-poster.jpg 600w, https:\/\/serveiseducatius.xtec.cat\/bergueda\/wp-content\/uploads\/usu878\/2022\/03\/dia-mundial-poesia-poster-211x300.jpg 211w\" sizes=\"auto, (max-width: 500px) 100vw, 500px\" \/><\/a><\/p>\n<p>La Unesco va declarar el dia 21 de mar\u00e7 Dia Mundial de la Poesia. Per celebrar-ho, la ILC \u2014amb la col\u00b7laboraci\u00f3 de diverses entitats p\u00fabliques i privades\u2014 celebra una gran festa de la paraula i les lletres i fomenta tot un seguit d\u2019iniciatives, presencials i\/o a trav\u00e9s de la xarxa, arreu dels territoris de parla catalana. Es fa la tria d&#8217;un poema que es tradueix a nombroses lleng\u00fces, mostrant la riquesa mundial de la poesia en un joc de tornaveu po\u00e8tic de gran extensi\u00f3 territorial (amb celebraci\u00f3 des d\u2019Alacant a l\u2019Alguer, i des de la Franja a Puigcerd\u00e0).<\/p>\n<p>El <a href=\"https:\/\/cultura.gencat.cat\/web\/.content\/ilc\/03-programes\/dia-mundial-poesia\/DMP-2022\/DMP-22_Poema.pdf\">poema d&#8217;aquest any 2022 \u00e9s <em>Si Puc<\/em> de Gabriel Ferrater<\/a><\/p>\n<p>En el <a href=\"https:\/\/cultura.gencat.cat\/web\/.content\/ilc\/03-programes\/dia-mundial-poesia\/DMP-2022\/FULLET-DMP22-RGB.pdf\">fullet<\/a> trobarem el poema en catal\u00e0 i tradu\u00eft a 22 lleng\u00fces.<\/p>\n<p>Tamb\u00e9 el podem trobar en <a href=\"https:\/\/www.youtube.com\/watch?v=aqLzA9zfEc4\" target=\"_blank\" rel=\"noopener\">llengua de signes<\/a>.<\/p>\n<p>I en <a href=\"https:\/\/cultura.gencat.cat\/web\/.content\/ilc\/03-programes\/dia-mundial-poesia\/DMP-2022\/DMP22_Braille.pdf\" target=\"_blank\" rel=\"noopener\">Braille<\/a>.<\/p>\n<p><a href=\"https:\/\/cultura.gencat.cat\/web\/.content\/ilc\/03-programes\/dia-mundial-poesia\/DMP-2022\/DMP22-POSTER-RGB.jpg\" target=\"_blank\" rel=\"noopener\">Aqu\u00ed hi podeu trobar el cartell<\/a>.<\/p>\n<p><a href=\"https:\/\/cultura.gencat.cat\/ca\/ilc\/que-fem\/programes\/dia-mundial-de-la-poesia\/dmp-22\/\" target=\"_blank\" rel=\"noopener\">M\u00e9s informaci\u00f3<\/a><\/p>\n","protected":false},"excerpt":{"rendered":"<p>El poema d&#8217;aquest any 2022 \u00e9s Si Puc de Gabriel Ferrater. El podem trobar tradu\u00eft al Braille, llengua de signes i 22 lleng\u00fces m\u00e9s.<\/p>\n","protected":false},"author":1,"featured_media":14379,"comment_status":"closed","ping_status":"closed","sticky":false,"template":"","format":"standard","meta":{"_bbp_topic_count":0,"_bbp_reply_count":0,"_bbp_total_topic_count":0,"_bbp_total_reply_count":0,"_bbp_voice_count":0,"_bbp_anonymous_reply_count":0,"_bbp_topic_count_hidden":0,"_bbp_reply_count_hidden":0,"_bbp_forum_subforum_count":0,"site-sidebar-layout":"default","site-content-layout":"","ast-site-content-layout":"","site-content-style":"default","site-sidebar-style":"default","ast-global-header-display":"","ast-banner-title-visibility":"","ast-main-header-display":"","ast-hfb-above-header-display":"","ast-hfb-below-header-display":"","ast-hfb-mobile-header-display":"","site-post-title":"","ast-breadcrumbs-content":"","ast-featured-img":"","footer-sml-layout":"","theme-transparent-header-meta":"","adv-header-id-meta":"","stick-header-meta":"","header-above-stick-meta":"","header-main-stick-meta":"","header-below-stick-meta":"","astra-migrate-meta-layouts":"default","ast-page-background-enabled":"default","ast-page-background-meta":{"desktop":{"background-color":"var(--ast-global-color-4)","background-image":"","background-repeat":"repeat","background-position":"center center","background-size":"auto","background-attachment":"scroll","background-type":"","background-media":"","overlay-type":"","overlay-color":"","overlay-opacity":"","overlay-gradient":""},"tablet":{"background-color":"","background-image":"","background-repeat":"repeat","background-position":"center center","background-size":"auto","background-attachment":"scroll","background-type":"","background-media":"","overlay-type":"","overlay-color":"","overlay-opacity":"","overlay-gradient":""},"mobile":{"background-color":"","background-image":"","background-repeat":"repeat","background-position":"center center","background-size":"auto","background-attachment":"scroll","background-type":"","background-media":"","overlay-type":"","overlay-color":"","overlay-opacity":"","overlay-gradient":""}},"ast-content-background-meta":{"desktop":{"background-color":"var(--ast-global-color-5)","background-image":"","background-repeat":"repeat","background-position":"center center","background-size":"auto","background-attachment":"scroll","background-type":"","background-media":"","overlay-type":"","overlay-color":"","overlay-opacity":"","overlay-gradient":""},"tablet":{"background-color":"var(--ast-global-color-5)","background-image":"","background-repeat":"repeat","background-position":"center center","background-size":"auto","background-attachment":"scroll","background-type":"","background-media":"","overlay-type":"","overlay-color":"","overlay-opacity":"","overlay-gradient":""},"mobile":{"background-color":"var(--ast-global-color-5)","background-image":"","background-repeat":"repeat","background-position":"center center","background-size":"auto","background-attachment":"scroll","background-type":"","background-media":"","overlay-type":"","overlay-color":"","overlay-opacity":"","overlay-gradient":""}},"footnotes":""},"categories":[29],"tags":[],"class_list":["post-14378","post","type-post","status-publish","format-standard","has-post-thumbnail","hentry","category-portada"],"post_mailing_queue_ids":[],"_links":{"self":[{"href":"https:\/\/serveiseducatius.xtec.cat\/bergueda\/wp-json\/wp\/v2\/posts\/14378","targetHints":{"allow":["GET"]}}],"collection":[{"href":"https:\/\/serveiseducatius.xtec.cat\/bergueda\/wp-json\/wp\/v2\/posts"}],"about":[{"href":"https:\/\/serveiseducatius.xtec.cat\/bergueda\/wp-json\/wp\/v2\/types\/post"}],"author":[{"embeddable":true,"href":"https:\/\/serveiseducatius.xtec.cat\/bergueda\/wp-json\/wp\/v2\/users\/1"}],"replies":[{"embeddable":true,"href":"https:\/\/serveiseducatius.xtec.cat\/bergueda\/wp-json\/wp\/v2\/comments?post=14378"}],"version-history":[{"count":1,"href":"https:\/\/serveiseducatius.xtec.cat\/bergueda\/wp-json\/wp\/v2\/posts\/14378\/revisions"}],"predecessor-version":[{"id":14381,"href":"https:\/\/serveiseducatius.xtec.cat\/bergueda\/wp-json\/wp\/v2\/posts\/14378\/revisions\/14381"}],"wp:featuredmedia":[{"embeddable":true,"href":"https:\/\/serveiseducatius.xtec.cat\/bergueda\/wp-json\/wp\/v2\/media\/14379"}],"wp:attachment":[{"href":"https:\/\/serveiseducatius.xtec.cat\/bergueda\/wp-json\/wp\/v2\/media?parent=14378"}],"wp:term":[{"taxonomy":"category","embeddable":true,"href":"https:\/\/serveiseducatius.xtec.cat\/bergueda\/wp-json\/wp\/v2\/categories?post=14378"},{"taxonomy":"post_tag","embeddable":true,"href":"https:\/\/serveiseducatius.xtec.cat\/bergueda\/wp-json\/wp\/v2\/tags?post=14378"}],"curies":[{"name":"wp","href":"https:\/\/api.w.org\/{rel}","templated":true}]}}