{"id":14270,"date":"2022-02-16T18:03:18","date_gmt":"2022-02-16T17:03:18","guid":{"rendered":"https:\/\/serveiseducatius.xtec.cat\/bergueda\/?p=14270"},"modified":"2022-02-17T11:10:28","modified_gmt":"2022-02-17T10:10:28","slug":"xix-premis-educac","status":"publish","type":"post","link":"https:\/\/serveiseducatius.xtec.cat\/bergueda\/portada\/xix-premis-educac\/","title":{"rendered":"XIX Premis eduCAC"},"content":{"rendered":"<p>Ja s\u2019ha obert la convocat\u00f2ria de la 19a edici\u00f3 dels Premis eduCAC.<\/p>\n<p><a href=\"https:\/\/serveiseducatius.xtec.cat\/bergueda\/wp-content\/uploads\/usu878\/2022\/02\/premis_eduCAC_3.png\"><img loading=\"lazy\" decoding=\"async\" class=\"size-full wp-image-14271 aligncenter\" src=\"https:\/\/serveiseducatius.xtec.cat\/bergueda\/wp-content\/uploads\/usu878\/2022\/02\/premis_eduCAC_3.png\" alt=\"\" width=\"337\" height=\"264\" srcset=\"https:\/\/serveiseducatius.xtec.cat\/bergueda\/wp-content\/uploads\/usu878\/2022\/02\/premis_eduCAC_3.png 337w, https:\/\/serveiseducatius.xtec.cat\/bergueda\/wp-content\/uploads\/usu878\/2022\/02\/premis_eduCAC_3-300x235.png 300w\" sizes=\"auto, (max-width: 337px) 100vw, 337px\" \/><\/a>El Consell de l\u2019Audiovisual de Catalunya (CAC), en el marc del programa eduCAC, convoca aquests guardons amb l\u2019objectiu de fomentar la compet\u00e8ncia en comunicaci\u00f3 audiovisual als centres escolars.<\/p>\n<p>Hi poden participar tots els centres educatius de Catalunya amb estudis d&#8217;infantil, prim\u00e0ria, secund\u00e0ria, secund\u00e0ria postobligat\u00f2ria (batxillerat, cicles formatius de grau mitj\u00e0 i superior) i centres d&#8217;educaci\u00f3 especial.<\/p>\n<p>Els Premis es convoquen en tres categories espec\u00edfiques:<br \/>\nCategoria A: centres educatius.<br \/>\nCategoria B: treballs de recerca de l&#8217;alumnat de batxillerat.<br \/>\nCategoria C: professorat de centres educatius.<\/p>\n<p>Cada centre hi pot inscriure el nombre de classes i d&#8217;alumnes que desitgi.<\/p>\n<p>Els treballs han de promoure l&#8217;alfabetitzaci\u00f3 medi\u00e0tica i l&#8217;an\u00e0lisi cr\u00edtica de l&#8217;audiovisual en qualsevol dels seus g\u00e8neres, i poden ser:<br \/>\n-Experi\u00e8ncies que incorporin l&#8217;educaci\u00f3 en comunicaci\u00f3 audiovisual, ja sigui de manera puntual o dins del projecte educatiu del centre, a trav\u00e9s de l&#8217;an\u00e0lisi i\/o la producci\u00f3 en l&#8217;\u00e0mbit audiovisual.<br \/>\n-Experi\u00e8ncies educatives de foment de bons h\u00e0bits de consum audiovisual en l&#8217;entorn familiar.<br \/>\nA efectes orientatius, el CAC, al web www.educac.cat, posa a disposici\u00f3 dels centres educatius recursos per dur a terme projectes audiovisuals i propostes did\u00e0ctiques per incorporar l&#8217;educaci\u00f3 en comunicaci\u00f3 a l&#8217;aula a partir dels \u00e0mbits transversals del curr\u00edculum.<\/p>\n<p>Termini per presentar els treballs: <strong>14 de mar\u00e7<\/strong><\/p>\n<p>Podeu trobar les bases, convocat\u00f2ria, documents de sol\u00b7licitud i altres informacions clicant a l\u2019enlla\u00e7 de sota.<\/p>\n<p><a href=\"https:\/\/www.educac.cat\/premis-educac\/xix-premis-educac\" target=\"_blank\" rel=\"noopener\">M\u00e9s informaci\u00f3<\/a><\/p>\n","protected":false},"excerpt":{"rendered":"<p>Ja s\u2019ha obert la convocat\u00f2ria de la 19a edici\u00f3 dels Premis eduCAC. El Consell de l\u2019Audiovisual de Catalunya (CAC), en [&hellip;]<\/p>\n","protected":false},"author":1,"featured_media":14286,"comment_status":"closed","ping_status":"closed","sticky":false,"template":"","format":"standard","meta":{"_bbp_topic_count":0,"_bbp_reply_count":0,"_bbp_total_topic_count":0,"_bbp_total_reply_count":0,"_bbp_voice_count":0,"_bbp_anonymous_reply_count":0,"_bbp_topic_count_hidden":0,"_bbp_reply_count_hidden":0,"_bbp_forum_subforum_count":0,"site-sidebar-layout":"default","site-content-layout":"","ast-site-content-layout":"","site-content-style":"default","site-sidebar-style":"default","ast-global-header-display":"","ast-banner-title-visibility":"","ast-main-header-display":"","ast-hfb-above-header-display":"","ast-hfb-below-header-display":"","ast-hfb-mobile-header-display":"","site-post-title":"","ast-breadcrumbs-content":"","ast-featured-img":"","footer-sml-layout":"","theme-transparent-header-meta":"","adv-header-id-meta":"","stick-header-meta":"","header-above-stick-meta":"","header-main-stick-meta":"","header-below-stick-meta":"","astra-migrate-meta-layouts":"default","ast-page-background-enabled":"default","ast-page-background-meta":{"desktop":{"background-color":"var(--ast-global-color-4)","background-image":"","background-repeat":"repeat","background-position":"center center","background-size":"auto","background-attachment":"scroll","background-type":"","background-media":"","overlay-type":"","overlay-color":"","overlay-opacity":"","overlay-gradient":""},"tablet":{"background-color":"","background-image":"","background-repeat":"repeat","background-position":"center center","background-size":"auto","background-attachment":"scroll","background-type":"","background-media":"","overlay-type":"","overlay-color":"","overlay-opacity":"","overlay-gradient":""},"mobile":{"background-color":"","background-image":"","background-repeat":"repeat","background-position":"center center","background-size":"auto","background-attachment":"scroll","background-type":"","background-media":"","overlay-type":"","overlay-color":"","overlay-opacity":"","overlay-gradient":""}},"ast-content-background-meta":{"desktop":{"background-color":"var(--ast-global-color-5)","background-image":"","background-repeat":"repeat","background-position":"center center","background-size":"auto","background-attachment":"scroll","background-type":"","background-media":"","overlay-type":"","overlay-color":"","overlay-opacity":"","overlay-gradient":""},"tablet":{"background-color":"var(--ast-global-color-5)","background-image":"","background-repeat":"repeat","background-position":"center center","background-size":"auto","background-attachment":"scroll","background-type":"","background-media":"","overlay-type":"","overlay-color":"","overlay-opacity":"","overlay-gradient":""},"mobile":{"background-color":"var(--ast-global-color-5)","background-image":"","background-repeat":"repeat","background-position":"center center","background-size":"auto","background-attachment":"scroll","background-type":"","background-media":"","overlay-type":"","overlay-color":"","overlay-opacity":"","overlay-gradient":""}},"footnotes":""},"categories":[29],"tags":[],"class_list":["post-14270","post","type-post","status-publish","format-standard","has-post-thumbnail","hentry","category-portada"],"post_mailing_queue_ids":[],"_links":{"self":[{"href":"https:\/\/serveiseducatius.xtec.cat\/bergueda\/wp-json\/wp\/v2\/posts\/14270","targetHints":{"allow":["GET"]}}],"collection":[{"href":"https:\/\/serveiseducatius.xtec.cat\/bergueda\/wp-json\/wp\/v2\/posts"}],"about":[{"href":"https:\/\/serveiseducatius.xtec.cat\/bergueda\/wp-json\/wp\/v2\/types\/post"}],"author":[{"embeddable":true,"href":"https:\/\/serveiseducatius.xtec.cat\/bergueda\/wp-json\/wp\/v2\/users\/1"}],"replies":[{"embeddable":true,"href":"https:\/\/serveiseducatius.xtec.cat\/bergueda\/wp-json\/wp\/v2\/comments?post=14270"}],"version-history":[{"count":1,"href":"https:\/\/serveiseducatius.xtec.cat\/bergueda\/wp-json\/wp\/v2\/posts\/14270\/revisions"}],"predecessor-version":[{"id":14272,"href":"https:\/\/serveiseducatius.xtec.cat\/bergueda\/wp-json\/wp\/v2\/posts\/14270\/revisions\/14272"}],"wp:featuredmedia":[{"embeddable":true,"href":"https:\/\/serveiseducatius.xtec.cat\/bergueda\/wp-json\/wp\/v2\/media\/14286"}],"wp:attachment":[{"href":"https:\/\/serveiseducatius.xtec.cat\/bergueda\/wp-json\/wp\/v2\/media?parent=14270"}],"wp:term":[{"taxonomy":"category","embeddable":true,"href":"https:\/\/serveiseducatius.xtec.cat\/bergueda\/wp-json\/wp\/v2\/categories?post=14270"},{"taxonomy":"post_tag","embeddable":true,"href":"https:\/\/serveiseducatius.xtec.cat\/bergueda\/wp-json\/wp\/v2\/tags?post=14270"}],"curies":[{"name":"wp","href":"https:\/\/api.w.org\/{rel}","templated":true}]}}