{"id":14261,"date":"2022-02-11T13:15:28","date_gmt":"2022-02-11T12:15:28","guid":{"rendered":"https:\/\/serveiseducatius.xtec.cat\/bergueda\/?p=14261"},"modified":"2022-02-11T13:15:28","modified_gmt":"2022-02-11T12:15:28","slug":"cesire-ambit-matematic","status":"publish","type":"post","link":"https:\/\/serveiseducatius.xtec.cat\/bergueda\/portada\/cesire-ambit-matematic\/","title":{"rendered":"CESIRE &#8211; \u00c0mbit Matem\u00e0tic"},"content":{"rendered":"<p><a href=\"https:\/\/serveiseducatius.xtec.cat\/bergueda\/wp-content\/uploads\/usu878\/2022\/02\/cesiremat.jpg\"><img loading=\"lazy\" decoding=\"async\" class=\"wp-image-14262 aligncenter\" src=\"https:\/\/serveiseducatius.xtec.cat\/bergueda\/wp-content\/uploads\/usu878\/2022\/02\/cesiremat.jpg\" alt=\"\" width=\"404\" height=\"359\" srcset=\"https:\/\/serveiseducatius.xtec.cat\/bergueda\/wp-content\/uploads\/usu878\/2022\/02\/cesiremat.jpg 641w, https:\/\/serveiseducatius.xtec.cat\/bergueda\/wp-content\/uploads\/usu878\/2022\/02\/cesiremat-300x266.jpg 300w\" sizes=\"auto, (max-width: 404px) 100vw, 404px\" \/><\/a>Compartim el butllet\u00ed del CESIRE &#8211; \u00c0mbit Matem\u00e0tic<\/p>\n<h3><b>CONFER\u00c8NCIES<\/b><\/h3>\n<h3><b>Mirades matem\u00e0tiques. Educaci\u00f3 Infantil i Prim\u00e0ria.<\/b><\/h3>\n<p>Aquest curs des del CESIRE volem posar en valor les trobades entre docents per compartir i aprendre plegats. \u00c9s per aix\u00f2 que hem demanat la participaci\u00f3 a les companyes dels grups \u00c0rea i Per\u00edmetre. Aquesta confer\u00e8ncia pertany al Cicle de tres confer\u00e8ncies adre\u00e7ades a docents d\u2019infantil i prim\u00e0ria.<\/p>\n<ul>\n<li aria-level=\"1\"><b>Grup \u00c0rea. Compartir per millorar<\/b>. A c\u00e0rrec d\u2019en\u00a0<b>Carles Masjuan<\/b>, membre del grup. La confer\u00e8ncia gira al voltant de la presentaci\u00f3 d\u2019experi\u00e8ncies compartides d\u2019educaci\u00f3 matem\u00e0tica a infantil i prim\u00e0ria. Exposaran tamb\u00e9 els seus objectius com a grup que fa uns anys que comparteix experi\u00e8ncies en els nivells d\u2019infantil i prim\u00e0ria al Maresme, i ho faran a trav\u00e9s d\u2019activitats d\u2019aula ben diverses.\n<ul>\n<li aria-level=\"2\">Enlla\u00e7:\u00a0<a href=\"http:\/\/ja.cat\/MiradesMatematiques\" target=\"_blank\" rel=\"noopener\" data-saferedirecturl=\"https:\/\/www.google.com\/url?q=http:\/\/ja.cat\/MiradesMatematiques&amp;source=gmail&amp;ust=1644652318283000&amp;usg=AOvVaw0jYx2jl64sAbrzE-9QRHj9\"><b>ja.cat\/MiradesMatematiques<\/b><\/a><\/li>\n<li aria-level=\"2\">10 de febrer de 2022 a les 18.00 h.<\/li>\n<\/ul>\n<\/li>\n<li aria-level=\"1\"><b>Presentaci\u00f3 d\u2019experi\u00e8ncies d\u2019aula centrades en l\u2019\u00fas de les Regletes Cuisenaire<\/b>\u00a0a c\u00e0rrec del\u00a0<b>Grup Per\u00edmetre<\/b>\u00a0de Girona.\u00a0<i>[3\/3\/22 a les 18.00]<\/i><\/li>\n<li aria-level=\"1\">\u201c<b>Matem\u00e0tiques per a tothom<\/b>\u201d des de la perspectiva del Disseny Universal d\u2019Activitats DUA. A c\u00e0rrec de la<b>\u00a0Ioia Isern<\/b>, formadora de DUA i la\u00a0<b>Montserrat Torra<\/b>\u00a0del CESIRE.\u00a0<i>[17\/3\/22 a les 18.00]<\/i><\/li>\n<\/ul>\n<p>Si no ho heu fet, recordeu que encara podeu inscriure-us al\u00a0<a href=\"https:\/\/aplicacions.gestioeducativa.gencat.cat\/pls\/soloas\/pk_for_mod_ins.p_for_detall_activitat?p_codi=9001120532&amp;p_curs=2021-2022&amp;p_es_inscr=Sp_totes=N%26p_desc=Laboratori%26p_inici=1%26p_excloure_crp_rec=T&amp;p_codi=9001310532&amp;p_curs=2021-2022&amp;p_excloure_crp_rec=T\" target=\"_blank\" rel=\"noopener\" data-saferedirecturl=\"https:\/\/www.google.com\/url?q=https:\/\/aplicacions.gestioeducativa.gencat.cat\/pls\/soloas\/pk_for_mod_ins.p_for_detall_activitat?p_codi%3D9001120532%26p_curs%3D2021-2022%26p_es_inscr%3DSp_totes%3DN%2526p_desc%3DLaboratori%2526p_inici%3D1%2526p_excloure_crp_rec%3DT%26p_codi%3D9001310532%26p_curs%3D2021-2022%26p_excloure_crp_rec%3DT&amp;source=gmail&amp;ust=1644652318283000&amp;usg=AOvVaw3MYkUQoEO4ZCXAOcYaSWrv\">cicle de confer\u00e8ncies<\/a><\/p>\n<h3><b>Perspectives matem\u00e0tiques. Educaci\u00f3 Secund\u00e0ria.<\/b><\/h3>\n<p>En aquesta edici\u00f3 volem donar resposta a diferents demandes que ens heu fet arribar a trav\u00e9s dels formularis de participaci\u00f3 del cicle del curs 20\/21. Hem programat 3 confer\u00e8ncies de tem\u00e0tiques diverses:<\/p>\n<ul>\n<li aria-level=\"1\">\u201c<b>Aprendizaje basado en proyectos en la ense\u00f1anza de las matem\u00e1ticas en secundaria<\/b>\u201d, a c\u00e0rrec d\u2019en\u00a0<b>Francisco Javier Benjumeda<\/b>, professor de matem\u00e0tiques i director de l\u2019IES El Parador, a Roquetas de Mar (Almeria) i autor del web\u00a0<a href=\"https:\/\/abpmates.es\/\" target=\"_blank\" rel=\"noopener\" data-saferedirecturl=\"https:\/\/www.google.com\/url?q=https:\/\/abpmates.es\/&amp;source=gmail&amp;ust=1644652318283000&amp;usg=AOvVaw1Pc60evdNLEu7uozGRJ6MA\">ABPMates<\/a>.<i>\u00a0[dimecres, 4\/5\/22 a les 18.00 h.]<\/i><\/li>\n<li aria-level=\"1\"><b>\u201cActivitats de llindar baix i sostre alt a secund\u00e0ria\u201d<\/b>, a c\u00e0rrec d\u2019en\u00a0<b>Charlie Gilderdale<\/b>, del projecte\u00a0<a href=\"https:\/\/nrich.maths.org\/\" target=\"_blank\" rel=\"noopener\" data-saferedirecturl=\"https:\/\/www.google.com\/url?q=https:\/\/nrich.maths.org\/&amp;source=gmail&amp;ust=1644652318283000&amp;usg=AOvVaw2-ayzqWSJdePxSeOWRqpG5\">Nrich<\/a>, de la Universitat de Cambridge.\u00a0<i>[Dijous, 19\/5\/22 a les 18.00 ]<\/i><\/li>\n<li aria-level=\"1\"><b>\u201cDades i estad\u00edstica a Secund\u00e0ria\u201d<\/b>, a c\u00e0rrec d\u2019en\u00a0<b>Pepus Daunis\u00a0<\/b>i la\u00a0<b>Gl\u00f2ria Mateu<\/b>, professors de matem\u00e0tiques i estad\u00edstica a la UdG i membres de la Societat Catalana d\u2019Estad\u00edstica.<i>\u00a0[Dimecres 1\/6\/22 a les 18.00 h]<\/i><\/li>\n<\/ul>\n<p>Encara us podeu inscriure al cicle\u00a0<a href=\"https:\/\/aplicacions.gestioeducativa.gencat.cat\/pls\/soloas\/pk_for_mod_ins.p_for_detall_activitat?p_codi=9001130532&amp;p_curs=2021-2022\" target=\"_blank\" rel=\"noopener\" data-saferedirecturl=\"https:\/\/www.google.com\/url?q=https:\/\/aplicacions.gestioeducativa.gencat.cat\/pls\/soloas\/pk_for_mod_ins.p_for_detall_activitat?p_codi%3D9001130532%26p_curs%3D2021-2022&amp;source=gmail&amp;ust=1644652318283000&amp;usg=AOvVaw23AjHi53HdWXv9VHEh_6VC\"><b>Perspectives Matem\u00e0tiques<\/b><\/a><b><\/b><\/p>\n<h3><b>Matem\u00e0tiques per respondre preguntes<\/b><\/h3>\n<p>Properament podreu seguir les confer\u00e8ncies:<\/p>\n<ul>\n<li aria-level=\"1\"><b>Fotografia matem\u00e0tica,\u00a0<\/b>a c\u00e0rrec d\u2019en Santi V\u00edlches del Grup de Fotografia Matem\u00e0tica d\u2019ABEAM [7\/4\/22, 18.00 h]<\/li>\n<li aria-level=\"1\"><b>v\u00eddeoMAT<\/b>, a c\u00e0rrec d\u2019en C\u00e9sar Burgu\u00e9s i equip de mestres de l\u2019escola de Lladurs [21\/4\/22, 18.00 h]<\/li>\n<\/ul>\n<h3><b>Taller d\u2019InstaMaps: Com crear mapes amb l\u2019alumnat.<\/b><\/h3>\n<p>Voleu saber qu\u00e8 ens ofereix el visor Instamaps de l\u2019ICGC? Com fer mapes, itineraris,\u2026 amb Instamaps? Voleu aprendre a fer mapes a partir de la vostra base de dades, de la de l\u2019IDESCAT,\u2026.Compartir mapes amb l\u2019alumnat? Voleu saber com compartir el meu mapa al web o blog del centre? Des del CESIRE us proposem un\u00a0<a href=\"https:\/\/serveiseducatius.xtec.cat\/cesire\/taller-dinstamaps-com-crear-mapes-amb-lalumnat\/\" target=\"_blank\" rel=\"noopener\" data-saferedirecturl=\"https:\/\/www.google.com\/url?q=https:\/\/serveiseducatius.xtec.cat\/cesire\/taller-dinstamaps-com-crear-mapes-amb-lalumnat\/&amp;source=gmail&amp;ust=1644652318283000&amp;usg=AOvVaw0FBU9DKEgO_c7P-BJu6y-b\">taller per con\u00e8ixer i fer pr\u00e0ctiques amb el visor INSTAMAPS<\/a>\u00a0de l\u2019Institut Cartogr\u00e0fic i Geol\u00f2gic de Catalunya.<\/p>\n<ul>\n<li aria-level=\"1\"><b>Dates:<\/b>\u00a014 i 21 de febrer de 2022 de 18 a 20 h.<\/li>\n<li aria-level=\"1\"><b>Lloc:<\/b>\u00a0Cesire. Avda Drassanes 8-10. Barcelona.<\/li>\n<li aria-level=\"1\"><a href=\"https:\/\/serveiseducatius.xtec.cat\/cesire\/recurs-eco2\/taller-dinstamaps-com-crear-mapes-amb-lalumnat\/\" target=\"_blank\" rel=\"noopener\" data-saferedirecturl=\"https:\/\/www.google.com\/url?q=https:\/\/serveiseducatius.xtec.cat\/cesire\/recurs-eco2\/taller-dinstamaps-com-crear-mapes-amb-lalumnat\/&amp;source=gmail&amp;ust=1644652318283000&amp;usg=AOvVaw0suICaQ1vHXifnyd39ohOe\"><b>Inscripci\u00f3<\/b><\/a><\/li>\n<\/ul>\n<h3><b>JORNADES<\/b><\/h3>\n<h3>Jornada Anual de l\u2019Associaci\u00f3 Catalana de Geogebra<\/h3>\n<p>La jornada d\u2019enguany t\u00e9 com a lema \u201cI tu, com fas servir el GeoGebra?\u201d. A la jornada hi trobarem dues confer\u00e8ncies plen\u00e0ries, \u201c<b>Les matem\u00e0tiques de les rajoles<\/b>\u201d a c\u00e0rrec d\u2019en Ramon Tejedor, i \u201c<b>Un paseo por el mundo de las superficies<\/b>\u201d de Jose Manuel Arranz, a m\u00e9s de 15 comunicacions i tallers. La jornada es celebrar\u00e0 en format virtual i compta amb la col\u00b7laboraci\u00f3 del CESIRE.<\/p>\n<p><a href=\"https:\/\/agora.xtec.cat\/cesire_historic\/wp-content\/uploads\/usu397\/2022\/02\/LogoACG.png\" target=\"_blank\" rel=\"noopener\" data-saferedirecturl=\"https:\/\/www.google.com\/url?q=https:\/\/agora.xtec.cat\/cesire_historic\/wp-content\/uploads\/usu397\/2022\/02\/LogoACG.png&amp;source=gmail&amp;ust=1644652318283000&amp;usg=AOvVaw3r3HE0yolup4CWNFbN_c-A\"><img loading=\"lazy\" decoding=\"async\" class=\"CToWUd\" src=\"https:\/\/ci6.googleusercontent.com\/proxy\/ojuO_Y37iqqinSfZoaxKJwv3UiKDiDYJreGlfDM1hZm7bzbA7NL9htxINSiIsOM2hi5kBgN-IFn6--rnKPMRsZvuRbGGnlW3EPUrlMwgC_cQ4qldl02K1wait_8N_uNO0NEY6bIp6w=s0-d-e1-ft#https:\/\/agora.xtec.cat\/cesire_historic\/wp-content\/uploads\/usu397\/2022\/02\/LogoACG.png\" alt=\"\" width=\"262\" height=\"265\" \/><\/a><\/p>\n<ul>\n<li aria-level=\"1\">Data i horari: dissabte 12 de febrer de 2021, de 9:00 a 20:00. Format virtual<\/li>\n<li aria-level=\"1\"><a href=\"https:\/\/acgeogebra.cat\/inscripcio22.html\" target=\"_blank\" rel=\"noopener\" data-saferedirecturl=\"https:\/\/www.google.com\/url?q=https:\/\/acgeogebra.cat\/inscripcio22.html&amp;source=gmail&amp;ust=1644652318283000&amp;usg=AOvVaw2BrJCySLBFSB55j7NQCHA4\">Inscripci\u00f3<\/a>\u00a0(oberta fins el dia 10 de febrer de 2021)<\/li>\n<li aria-level=\"1\"><a href=\"http:\/\/acgeogebra.cat\/\" target=\"_blank\" rel=\"noopener\" data-saferedirecturl=\"https:\/\/www.google.com\/url?q=http:\/\/acgeogebra.cat\/&amp;source=gmail&amp;ust=1644652318283000&amp;usg=AOvVaw2E8-0ZElJYrLDXcWVTecHi\">M\u00e9s informaci\u00f3, programa i inscripci\u00f3<\/a><\/li>\n<\/ul>\n<h3>8a jornada estatal de La Cultura Matem\u00e0tica de les Persones<\/h3>\n<p>Repensant el sentit de la vida matem\u00e0tica. la dimensi\u00f3 humana de l\u2019experi\u00e8ncia educativa \u00e9s el t\u00edtol de les jornades que el seminari de \u201cLa cultura matem\u00e0tica de les persones\u201d<\/p>\n<ul>\n<li aria-level=\"1\">Data: Divendres i dissabte, 18 i 19 de febrer de 2022<\/li>\n<li aria-level=\"1\">Lloc: Facultat de Psicologia, Ci\u00e8ncies de l\u2019Educaci\u00f3 i de l\u2019Esport de Blanquerna.<\/li>\n<li aria-level=\"1\">Programa:\u00a0<a href=\"https:\/\/www.uab.cat\/web\/formacio\/professorat\/viii-jornades-la-cultura-matematica-de-les-persones-1345852925708.html\" target=\"_blank\" rel=\"noopener\" data-saferedirecturl=\"https:\/\/www.google.com\/url?q=https:\/\/www.uab.cat\/web\/formacio\/professorat\/viii-jornades-la-cultura-matematica-de-les-persones-1345852925708.html&amp;source=gmail&amp;ust=1644652318283000&amp;usg=AOvVaw36xQpLWZu5vN95RPy-fDu8\"><b>Aqu\u00ed<\/b><\/a><\/li>\n<li aria-level=\"1\">M\u00e9s informaci\u00f3 i inscripcions:\u00a0<a href=\"https:\/\/www.uab.cat\/web\/formacio\/professorat\/viii-jornades-la-cultura-matematica-de-les-persones-1345852925708.html\" target=\"_blank\" rel=\"noopener\" data-saferedirecturl=\"https:\/\/www.google.com\/url?q=https:\/\/www.uab.cat\/web\/formacio\/professorat\/viii-jornades-la-cultura-matematica-de-les-persones-1345852925708.html&amp;source=gmail&amp;ust=1644652318283000&amp;usg=AOvVaw36xQpLWZu5vN95RPy-fDu8\"><b>Enlla\u00e7<\/b><\/a><\/li>\n<\/ul>\n<h3>XXII Jornada de Doc\u00e8ncia de la Matem\u00e0tica 2022, \u201cParlem i compartim\u201d<\/h3>\n<p>Organitzada conjuntament per Ademgi i el grup Per\u00edmetre de mestres de matem\u00e0tiques de Girona i amb el suport de la UdG i de la C\u00e0tedra de did\u00e0ctica de la Matem\u00e0tica Maria Ant\u00f2nia Canals. A la jornada s\u2019ofereixen dues confer\u00e8ncies plen\u00e0ries i una quinzena de comunicacions i tallers<\/p>\n<ul>\n<li aria-level=\"1\"><b>Destinataris:\u00a0<\/b>Docents de matem\u00e0tiques d\u2019infantil, prim\u00e0ria i secund\u00e0ria.<b><\/b><\/li>\n<li aria-level=\"1\"><b>Data:\u00a0<\/b>Dissabte 19 de mar\u00e7 de 9.00 a 19 h.<\/li>\n<li aria-level=\"1\"><b>Lloc:<\/b>\u00a0Universitat de Girona. Facultat de Ci\u00e8ncies<\/li>\n<li aria-level=\"1\"><a href=\"https:\/\/ademgi.feemcat.org\/inscripcio-a-la-jornada-de-docencia-de-la-matematica\/\" target=\"_blank\" rel=\"noopener\" data-saferedirecturl=\"https:\/\/www.google.com\/url?q=https:\/\/ademgi.feemcat.org\/inscripcio-a-la-jornada-de-docencia-de-la-matematica\/&amp;source=gmail&amp;ust=1644652318283000&amp;usg=AOvVaw1Qzp59lEFP0CGPDs43CZb9\"><b>Inscripcions i m\u00e9s informaci\u00f3<\/b><\/a><\/li>\n<li aria-level=\"1\"><a href=\"https:\/\/ademgi.feemcat.org\/programa-22a-jornada-de-docencia-de-la-matematica-ademgi-perimetre\/\" target=\"_blank\" rel=\"noopener\" data-saferedirecturl=\"https:\/\/www.google.com\/url?q=https:\/\/ademgi.feemcat.org\/programa-22a-jornada-de-docencia-de-la-matematica-ademgi-perimetre\/&amp;source=gmail&amp;ust=1644652318283000&amp;usg=AOvVaw1lQpZPO003WNIO1b0fwoFy\"><b>Programa detallat<\/b><\/a><\/li>\n<\/ul>\n<h3><b>mmaca<\/b><\/h3>\n<ul>\n<li aria-level=\"1\">El passat 6 de febrer el mmaca de Cornell\u00e0 va celebrar el\u00a0<b>8\u00e8 aniversari.<\/b>\u00a0Per molts anys!!<\/li>\n<li aria-level=\"1\">Han repr\u00e8s les visites al p\u00fablic general i als grups d\u2019alumnes. Fins el dia 11 de febrer podeu fer reserva de visites escolars per aquest curs. (<a href=\"https:\/\/mmaca.cat\/\" target=\"_blank\" rel=\"noopener\" data-saferedirecturl=\"https:\/\/www.google.com\/url?q=https:\/\/mmaca.cat\/&amp;source=gmail&amp;ust=1644652318283000&amp;usg=AOvVaw2dP14iUhXjaQodefnd7bCx\">M\u00e9s informaci\u00f3<\/a>)<\/li>\n<li aria-level=\"1\">Recordar-vos tamb\u00e9 que de l\u20191 de febrer fins el 13 de mar\u00e7 tenen una\u00a0<a href=\"https:\/\/mmaca.cat\/exposicio-a-tortosa\/\" target=\"_blank\" rel=\"noopener\" data-saferedirecturl=\"https:\/\/www.google.com\/url?q=https:\/\/mmaca.cat\/exposicio-a-tortosa\/&amp;source=gmail&amp;ust=1644652318283000&amp;usg=AOvVaw0Ce_Bkd5VSn2AXsBZgOEPj\">exposici\u00f3 permanent a Tortosa<\/a>, a les Terres de l\u2019Ebre.<\/li>\n<li aria-level=\"1\">I el\u00a0<b>22-2-22<\/b>\u00a0ens conviden a seguir la confer\u00e8ncia \u201c<b>Curiositats al voltant dels nombres capicua<\/b>\u201d a c\u00e0rrec d\u2019en\u00a0<b>Jordi Deulofeu<\/b>. Trobareu informaci\u00f3 a\u00a0<a href=\"http:\/\/mmaca.cat\/\" target=\"_blank\" rel=\"noopener\" data-saferedirecturl=\"https:\/\/www.google.com\/url?q=http:\/\/mmaca.cat&amp;source=gmail&amp;ust=1644652318283000&amp;usg=AOvVaw3s9WNyAJPxJOhJPnTcz4M6\">mmaca.cat<\/a>.<\/li>\n<\/ul>\n<h3><b>MatesGG<\/b><\/h3>\n<p>Ens fem ress\u00f3 de la proposta\u00a0<b>MatesGG: Matem\u00e1ticas con GeoGebra<\/b>\u00a0a la que trobareu una selecci\u00f3 de propostes de GeoGebra a trav\u00e9s de la plataforma ExeLearning. (<a href=\"https:\/\/serveiseducatius.xtec.cat\/cesire\/mates-gg-matematiques-amb-geogebra\/\" target=\"_blank\" rel=\"noopener\" data-saferedirecturl=\"https:\/\/www.google.com\/url?q=https:\/\/serveiseducatius.xtec.cat\/cesire\/mates-gg-matematiques-amb-geogebra\/&amp;source=gmail&amp;ust=1644652318283000&amp;usg=AOvVaw35-xE0PDEUyEMThHJfzXWM\">M\u00e9s informaci\u00f3<\/a>)<\/p>\n<h3><b>Activitats adre\u00e7ades a l\u2019alumnat<\/b><\/h3>\n<ul>\n<li aria-level=\"1\">Es convoca la prova\u00a0<b>Cangur\u00a0<\/b>per a tot l\u2019alumnat a partir de 5e de prim\u00e0ria i fins al Batxillerat, per al dia 17 de mar\u00e7 de 2022. Trobareu tota la informaci\u00f3 en el<a href=\"https:\/\/www.cangur.org\/cang2021\/\" target=\"_blank\" rel=\"noopener\" data-saferedirecturl=\"https:\/\/www.google.com\/url?q=https:\/\/www.cangur.org\/cang2021\/&amp;source=gmail&amp;ust=1644652318283000&amp;usg=AOvVaw3bt_aLClsyrSoheR_0LRJu\">\u00a0seg\u00fcent enlla\u00e7<\/a>.<\/li>\n<li aria-level=\"1\">Convocat\u00f2ria dels\u00a0<b>problemes a l\u2019Esprint<\/b>\u00a0per l\u2019alumnat de 1r i 2n d\u2019ESO. 23 de febrer de 2022. (<a href=\"https:\/\/www.cangur.org\/esprint\/\" target=\"_blank\" rel=\"noopener\" data-saferedirecturl=\"https:\/\/www.google.com\/url?q=https:\/\/www.cangur.org\/esprint\/&amp;source=gmail&amp;ust=1644652318283000&amp;usg=AOvVaw0m_7ZHmpotOEG48FvMla3b\">M\u00e9s informaci\u00f3<\/a>)<\/li>\n<li aria-level=\"1\">Marat\u00f3 de problemes: S\u2019adre\u00e7a a alumnat de 3r i 4t d\u2019ESO. (<a href=\"https:\/\/www.cangur.org\/marato\/2022\/\" target=\"_blank\" rel=\"noopener\" data-saferedirecturl=\"https:\/\/www.google.com\/url?q=https:\/\/www.cangur.org\/marato\/2022\/&amp;source=gmail&amp;ust=1644652318283000&amp;usg=AOvVaw3ec4Ic1czlbIxYDdX5pObQ\">M\u00e9s informaci\u00f3<\/a>)<\/li>\n<li aria-level=\"1\"><b>Ruta matem\u00e0gica\u00a0<\/b>a Santa Cristina d\u2019Aro. Adre\u00e7ada a alumnat i a p\u00fablic en general, combina jocs i enigmes basats en l\u00f2gica matem\u00e0tica. (<a href=\"https:\/\/serveiseducatius.xtec.cat\/cesire\/ruta-matemagica-a-santa-cristina-daro\/\" target=\"_blank\" rel=\"noopener\" data-saferedirecturl=\"https:\/\/www.google.com\/url?q=https:\/\/serveiseducatius.xtec.cat\/cesire\/ruta-matemagica-a-santa-cristina-daro\/&amp;source=gmail&amp;ust=1644652318283000&amp;usg=AOvVaw3iscbBsabHt18VBfPaYCfA\">M\u00e9s informaci\u00f3<\/a>)<\/li>\n<li aria-level=\"1\"><b>v\u00eddeoMAT 2022.\u00a0<\/b>Podeu inscriure-us fins el 2 de mar\u00e7 i el termini d\u2019entrega de v\u00eddeos finalitza el 23\/3\/22. (<a href=\"http:\/\/videomat.cat\/\" target=\"_blank\" rel=\"noopener\" data-saferedirecturl=\"https:\/\/www.google.com\/url?q=http:\/\/videomat.cat&amp;source=gmail&amp;ust=1644652318283000&amp;usg=AOvVaw0dy3DHXMNMlCf-XnBcJmDt\">M\u00e9s informaci\u00f3 i inscripcions<\/a>)<\/li>\n<\/ul>\n<h3><b>Noves propostes de Matem\u00e0tiques a l\u2019ARC<\/b><\/h3>\n<div align=\"center\">\n<table>\n<tbody>\n<tr>\n<td bgcolor=\"#f06a22;\"><b>ARC Secund\u00e0ria<\/b><\/td>\n<td bgcolor=\"#f06a22;\"><b>ARC Secund\u00e0ria<\/b><\/td>\n<\/tr>\n<tr>\n<td><b>Quant val?<\/b><a href=\"https:\/\/apliense.xtec.cat\/arc\/node\/31148\" target=\"_blank\" rel=\"noopener\" data-saferedirecturl=\"https:\/\/www.google.com\/url?q=https:\/\/apliense.xtec.cat\/arc\/node\/31148&amp;source=gmail&amp;ust=1644652318283000&amp;usg=AOvVaw3cR4VmriK-34wevvyuWsEQ\">https:\/\/apliense.xtec.cat\/arc\/<wbr \/>node\/31148<\/a><\/p>\n<p>Seq\u00fc\u00e8ncia d\u2019activitats per treballar els sistemes d\u2019equacions lineals amb dues inc\u00f2gnites a 3r d\u2019ESO. Es treballa la resoluci\u00f3 de problemes de l\u2019entorn de la vida quotidiana, a partir de \u201ctiquets de la compra\u201d i s\u2019introdueix la representaci\u00f3 i resoluci\u00f3 gr\u00e0fica amb aplicacions GeoGebra interactives.<\/p>\n<p><a href=\"https:\/\/agora.xtec.cat\/cesire_historic\/wp-content\/uploads\/usu397\/2022\/02\/quant-Val-_2.png\" target=\"_blank\" rel=\"noopener\" data-saferedirecturl=\"https:\/\/www.google.com\/url?q=https:\/\/agora.xtec.cat\/cesire_historic\/wp-content\/uploads\/usu397\/2022\/02\/quant-Val-_2.png&amp;source=gmail&amp;ust=1644652318283000&amp;usg=AOvVaw09F8Ua50386UZzLwbCgI92\"><img loading=\"lazy\" decoding=\"async\" class=\"CToWUd\" src=\"https:\/\/ci5.googleusercontent.com\/proxy\/vtYfSii-1u96MOTImi4LIptJBdM-av5f5NON8WAofeycV4zBRVixGQZx8knoEX7VVBnYRjkLvUM27yvNjmXWQODQ5ErjIrQnNkcoyCwztGIojW2VeLm4KukQ8ywl-ge6vXvFDz9TTZyz-eIP=s0-d-e1-ft#https:\/\/agora.xtec.cat\/cesire_historic\/wp-content\/uploads\/usu397\/2022\/02\/quant-Val-_2.png\" alt=\"\" width=\"250\" height=\"250\" \/><\/a><\/td>\n<td><b>S\u00e8ries i fraccions<\/b><a href=\"https:\/\/apliense.xtec.cat\/arc\/node\/31147\" target=\"_blank\" rel=\"noopener\" data-saferedirecturl=\"https:\/\/www.google.com\/url?q=https:\/\/apliense.xtec.cat\/arc\/node\/31147&amp;source=gmail&amp;ust=1644652318283000&amp;usg=AOvVaw1P3tCib947T0g-CgxPDK3G\">https:\/\/apliense.xtec.cat\/arc\/<wbr \/>node\/31147<\/a><\/p>\n<p>A partir de la suma, resta o producte de s\u00e8ries de fraccions que es poden representar gr\u00e0ficament es proposa una activitat rica que permet anar des de la pr\u00e0ctica d\u2019operacions amb fraccions fins a un treball competencial en que establim connexions entre nombres i diverses representacions gr\u00e0fiques treballant en un entorn de resoluci\u00f3 de problemes<\/p>\n<p>.<a href=\"https:\/\/agora.xtec.cat\/cesire_historic\/wp-content\/uploads\/usu397\/2022\/02\/seriesfracc.png\" target=\"_blank\" rel=\"noopener\" data-saferedirecturl=\"https:\/\/www.google.com\/url?q=https:\/\/agora.xtec.cat\/cesire_historic\/wp-content\/uploads\/usu397\/2022\/02\/seriesfracc.png&amp;source=gmail&amp;ust=1644652318283000&amp;usg=AOvVaw3EfB2oQ3IQ6q95WCyfNj6Y\"><img loading=\"lazy\" decoding=\"async\" class=\"CToWUd\" src=\"https:\/\/ci4.googleusercontent.com\/proxy\/1fU1JDoqAXYt70YQ7zqIFj7AuihC19G1RaANtfGZzAKNrY5xQvYR0Ns37ZsWjg6T2n-sGfLd4tpq8HL9-SpbcZtQgJN2LU3fQaCl85n2RPyBm_agVkki9pG1iw1izcqjq-WvAMyl3ZCXRzE=s0-d-e1-ft#https:\/\/agora.xtec.cat\/cesire_historic\/wp-content\/uploads\/usu397\/2022\/02\/seriesfracc.png\" alt=\"\" width=\"257\" height=\"257\" \/><\/a><\/td>\n<\/tr>\n<tr>\n<td bgcolor=\"#f06a22;\">Jessica Tom\u00e0s. INS Dertosa<\/td>\n<td bgcolor=\"#f06a22;\">Ramon Tejedor. INS Ciutat de Balaguer<\/td>\n<\/tr>\n<\/tbody>\n<\/table>\n<\/div>\n<h3><b>Us convidem tamb\u00e9 a veure un dels v\u00eddeos de la col\u00b7lecci\u00f3 permanent del v\u00eddeoMAT.<\/b><\/h3>\n<div align=\"center\">\n<table>\n<tbody>\n<tr>\n<td bgcolor=\"#f06a22;\">\n<h3><b>v\u00eddeoMAT<\/b><\/h3>\n<\/td>\n<\/tr>\n<tr>\n<td><b>On seus a taula?<\/b><br \/>\n<a href=\"https:\/\/youtu.be\/SH9S2f3qSX0\" target=\"_blank\" rel=\"noopener\" data-saferedirecturl=\"https:\/\/www.google.com\/url?q=https:\/\/youtu.be\/SH9S2f3qSX0&amp;source=gmail&amp;ust=1644652318283000&amp;usg=AOvVaw3EBgzlUfMNBqNeMgAbHOVL\">https:\/\/youtu.be\/SH9S2f3qSX0<\/a><br \/>\n<a href=\"https:\/\/agora.xtec.cat\/cesire_historic\/wp-content\/uploads\/usu397\/2022\/02\/TaulaLladursVideomat.png\" target=\"_blank\" rel=\"noopener\" data-saferedirecturl=\"https:\/\/www.google.com\/url?q=https:\/\/agora.xtec.cat\/cesire_historic\/wp-content\/uploads\/usu397\/2022\/02\/TaulaLladursVideomat.png&amp;source=gmail&amp;ust=1644652318283000&amp;usg=AOvVaw2O6533ECvW5u2IDFtYRQJL\"><img loading=\"lazy\" decoding=\"async\" class=\"CToWUd\" src=\"https:\/\/ci5.googleusercontent.com\/proxy\/qvRWWkGQpUCtFPl4MfS86YsGw2R11mefllmWhGZ37HCZVUFo0Jor1v65niQvu1ge0OfiX3iMkp2u53Nl2bRf8f09kbOt67WpDomVrcBFbrEFKgY5EmwMLwvbAYF5ekCV9q1AdZuEnYn4acp3Ia-_QpeL8Cg=s0-d-e1-ft#https:\/\/agora.xtec.cat\/cesire_historic\/wp-content\/uploads\/usu397\/2022\/02\/TaulaLladursVideomat.png\" alt=\"\" width=\"326\" height=\"167\" \/><\/a><\/td>\n<\/tr>\n<tr>\n<td bgcolor=\"#f06a22;\">Escola de Lladurs (ZER del Solson\u00e8s)<\/td>\n<\/tr>\n<\/tbody>\n<\/table>\n<\/div>\n<p>&nbsp;<\/p>\n<p>Us recordem que tamb\u00e9 podeu seguir diferents informacions sobre educaci\u00f3 matem\u00e0tica al compte de Twitter (<a href=\"http:\/\/twitter.com\/creamat1\" target=\"_blank\" rel=\"noopener\" data-saferedirecturl=\"https:\/\/www.google.com\/url?q=http:\/\/twitter.com\/creamat1&amp;source=gmail&amp;ust=1644652318283000&amp;usg=AOvVaw1bghYE_V8fUq9tnrO83Zxk\">@creamat1<\/a>).<\/p>\n","protected":false},"excerpt":{"rendered":"<p>Confer\u00e8ncies, jornades i activitats per a l&#8217;alumnat organitzades des de l&#8217;\u00e0mbit matem\u00e0tic del CESIRE.<\/p>\n","protected":false},"author":1,"featured_media":11468,"comment_status":"closed","ping_status":"closed","sticky":false,"template":"","format":"standard","meta":{"_bbp_topic_count":0,"_bbp_reply_count":0,"_bbp_total_topic_count":0,"_bbp_total_reply_count":0,"_bbp_voice_count":0,"_bbp_anonymous_reply_count":0,"_bbp_topic_count_hidden":0,"_bbp_reply_count_hidden":0,"_bbp_forum_subforum_count":0,"site-sidebar-layout":"default","site-content-layout":"","ast-site-content-layout":"","site-content-style":"default","site-sidebar-style":"default","ast-global-header-display":"","ast-banner-title-visibility":"","ast-main-header-display":"","ast-hfb-above-header-display":"","ast-hfb-below-header-display":"","ast-hfb-mobile-header-display":"","site-post-title":"","ast-breadcrumbs-content":"","ast-featured-img":"","footer-sml-layout":"","theme-transparent-header-meta":"","adv-header-id-meta":"","stick-header-meta":"","header-above-stick-meta":"","header-main-stick-meta":"","header-below-stick-meta":"","astra-migrate-meta-layouts":"default","ast-page-background-enabled":"default","ast-page-background-meta":{"desktop":{"background-color":"var(--ast-global-color-4)","background-image":"","background-repeat":"repeat","background-position":"center center","background-size":"auto","background-attachment":"scroll","background-type":"","background-media":"","overlay-type":"","overlay-color":"","overlay-opacity":"","overlay-gradient":""},"tablet":{"background-color":"","background-image":"","background-repeat":"repeat","background-position":"center center","background-size":"auto","background-attachment":"scroll","background-type":"","background-media":"","overlay-type":"","overlay-color":"","overlay-opacity":"","overlay-gradient":""},"mobile":{"background-color":"","background-image":"","background-repeat":"repeat","background-position":"center center","background-size":"auto","background-attachment":"scroll","background-type":"","background-media":"","overlay-type":"","overlay-color":"","overlay-opacity":"","overlay-gradient":""}},"ast-content-background-meta":{"desktop":{"background-color":"var(--ast-global-color-5)","background-image":"","background-repeat":"repeat","background-position":"center center","background-size":"auto","background-attachment":"scroll","background-type":"","background-media":"","overlay-type":"","overlay-color":"","overlay-opacity":"","overlay-gradient":""},"tablet":{"background-color":"var(--ast-global-color-5)","background-image":"","background-repeat":"repeat","background-position":"center center","background-size":"auto","background-attachment":"scroll","background-type":"","background-media":"","overlay-type":"","overlay-color":"","overlay-opacity":"","overlay-gradient":""},"mobile":{"background-color":"var(--ast-global-color-5)","background-image":"","background-repeat":"repeat","background-position":"center center","background-size":"auto","background-attachment":"scroll","background-type":"","background-media":"","overlay-type":"","overlay-color":"","overlay-opacity":"","overlay-gradient":""}},"footnotes":""},"categories":[29],"tags":[],"class_list":["post-14261","post","type-post","status-publish","format-standard","has-post-thumbnail","hentry","category-portada"],"post_mailing_queue_ids":[],"_links":{"self":[{"href":"https:\/\/serveiseducatius.xtec.cat\/bergueda\/wp-json\/wp\/v2\/posts\/14261","targetHints":{"allow":["GET"]}}],"collection":[{"href":"https:\/\/serveiseducatius.xtec.cat\/bergueda\/wp-json\/wp\/v2\/posts"}],"about":[{"href":"https:\/\/serveiseducatius.xtec.cat\/bergueda\/wp-json\/wp\/v2\/types\/post"}],"author":[{"embeddable":true,"href":"https:\/\/serveiseducatius.xtec.cat\/bergueda\/wp-json\/wp\/v2\/users\/1"}],"replies":[{"embeddable":true,"href":"https:\/\/serveiseducatius.xtec.cat\/bergueda\/wp-json\/wp\/v2\/comments?post=14261"}],"version-history":[{"count":1,"href":"https:\/\/serveiseducatius.xtec.cat\/bergueda\/wp-json\/wp\/v2\/posts\/14261\/revisions"}],"predecessor-version":[{"id":14263,"href":"https:\/\/serveiseducatius.xtec.cat\/bergueda\/wp-json\/wp\/v2\/posts\/14261\/revisions\/14263"}],"wp:featuredmedia":[{"embeddable":true,"href":"https:\/\/serveiseducatius.xtec.cat\/bergueda\/wp-json\/wp\/v2\/media\/11468"}],"wp:attachment":[{"href":"https:\/\/serveiseducatius.xtec.cat\/bergueda\/wp-json\/wp\/v2\/media?parent=14261"}],"wp:term":[{"taxonomy":"category","embeddable":true,"href":"https:\/\/serveiseducatius.xtec.cat\/bergueda\/wp-json\/wp\/v2\/categories?post=14261"},{"taxonomy":"post_tag","embeddable":true,"href":"https:\/\/serveiseducatius.xtec.cat\/bergueda\/wp-json\/wp\/v2\/tags?post=14261"}],"curies":[{"name":"wp","href":"https:\/\/api.w.org\/{rel}","templated":true}]}}