{"id":14251,"date":"2022-02-11T12:07:36","date_gmt":"2022-02-11T11:07:36","guid":{"rendered":"https:\/\/serveiseducatius.xtec.cat\/bergueda\/?p=14251"},"modified":"2022-02-11T13:01:22","modified_gmt":"2022-02-11T12:01:22","slug":"xxvi-concurs-efim","status":"publish","type":"post","link":"https:\/\/serveiseducatius.xtec.cat\/bergueda\/portada\/xxvi-concurs-efim\/","title":{"rendered":"XXVI Concurs EFIM"},"content":{"rendered":"<div>\n<div><a href=\"https:\/\/serveiseducatius.xtec.cat\/bergueda\/wp-content\/uploads\/usu878\/2022\/02\/EFIM.jpg\"><img loading=\"lazy\" decoding=\"async\" class=\"size-full wp-image-14252 aligncenter\" src=\"https:\/\/serveiseducatius.xtec.cat\/bergueda\/wp-content\/uploads\/usu878\/2022\/02\/EFIM.jpg\" alt=\"\" width=\"642\" height=\"538\" srcset=\"https:\/\/serveiseducatius.xtec.cat\/bergueda\/wp-content\/uploads\/usu878\/2022\/02\/EFIM.jpg 642w, https:\/\/serveiseducatius.xtec.cat\/bergueda\/wp-content\/uploads\/usu878\/2022\/02\/EFIM-300x250.jpg 300w\" sizes=\"auto, (max-width: 642px) 100vw, 642px\" \/><\/a><\/div>\n<\/div>\n<p>&nbsp;<\/p>\n<p>Us animeu a participar amb tota la classe a l&#8217;<a href=\"https:\/\/patrimoni.gencat.cat\/ca\/efim\/concurs\" target=\"_blank\" rel=\"noopener\"><strong>Experi\u00e8ncia Fotogr\u00e0fica Internacional dels Monuments<\/strong><\/a>?\u00a0L&#8217;EFIM \u00e9s\u00a0un concurs de patrimoni i fotografia\u00a0a Instagram\u00a0per descobrir el\u00a0patrimoni cultural de casa nostra\u00a0parlant el llenguatge dels joves.<\/p>\n<p>Participar-hi \u00e9s f\u00e0cil, nom\u00e9s cal que l&#8217;alumnat busqui i faci captures del patrimoni cultural catal\u00e0 o que deixi volar la seva imaginaci\u00f3 creant fotomuntatges\u00a0manuals o digitals. Una vegada hagi triat un m\u00e0xim de tres\u00a0fotografies, haur\u00e0 de publicar-les a Instagram etiquetant a\u00a0<strong>@efim.cat<\/strong>\u00a0i fent servir l&#8217;etiqueta\u00a0<strong>#efim22<\/strong>.\u00a0F\u00e0cil, oi?<\/p>\n<p>Teniu\u00a0temps d&#8217;inscriure el vostre centre educatiu\u00a0<strong>fins al 8 de maig<\/strong>.<\/p>\n","protected":false},"excerpt":{"rendered":"<p>L&#8217;EFIM \u00e9s\u00a0un concurs de patrimoni i fotografia\u00a0a Instagram\u00a0per descobrir el\u00a0patrimoni cultural de casa nostra\u00a0parlant el llenguatge dels joves. Teniu\u00a0temps d&#8217;inscriure el vostre centre educatiu\u00a0fins al 8 de maig.<\/p>\n","protected":false},"author":1,"featured_media":14253,"comment_status":"closed","ping_status":"closed","sticky":false,"template":"","format":"standard","meta":{"_bbp_topic_count":0,"_bbp_reply_count":0,"_bbp_total_topic_count":0,"_bbp_total_reply_count":0,"_bbp_voice_count":0,"_bbp_anonymous_reply_count":0,"_bbp_topic_count_hidden":0,"_bbp_reply_count_hidden":0,"_bbp_forum_subforum_count":0,"site-sidebar-layout":"default","site-content-layout":"","ast-site-content-layout":"","site-content-style":"default","site-sidebar-style":"default","ast-global-header-display":"","ast-banner-title-visibility":"","ast-main-header-display":"","ast-hfb-above-header-display":"","ast-hfb-below-header-display":"","ast-hfb-mobile-header-display":"","site-post-title":"","ast-breadcrumbs-content":"","ast-featured-img":"","footer-sml-layout":"","theme-transparent-header-meta":"","adv-header-id-meta":"","stick-header-meta":"","header-above-stick-meta":"","header-main-stick-meta":"","header-below-stick-meta":"","astra-migrate-meta-layouts":"default","ast-page-background-enabled":"default","ast-page-background-meta":{"desktop":{"background-color":"var(--ast-global-color-4)","background-image":"","background-repeat":"repeat","background-position":"center center","background-size":"auto","background-attachment":"scroll","background-type":"","background-media":"","overlay-type":"","overlay-color":"","overlay-opacity":"","overlay-gradient":""},"tablet":{"background-color":"","background-image":"","background-repeat":"repeat","background-position":"center center","background-size":"auto","background-attachment":"scroll","background-type":"","background-media":"","overlay-type":"","overlay-color":"","overlay-opacity":"","overlay-gradient":""},"mobile":{"background-color":"","background-image":"","background-repeat":"repeat","background-position":"center center","background-size":"auto","background-attachment":"scroll","background-type":"","background-media":"","overlay-type":"","overlay-color":"","overlay-opacity":"","overlay-gradient":""}},"ast-content-background-meta":{"desktop":{"background-color":"var(--ast-global-color-5)","background-image":"","background-repeat":"repeat","background-position":"center center","background-size":"auto","background-attachment":"scroll","background-type":"","background-media":"","overlay-type":"","overlay-color":"","overlay-opacity":"","overlay-gradient":""},"tablet":{"background-color":"var(--ast-global-color-5)","background-image":"","background-repeat":"repeat","background-position":"center center","background-size":"auto","background-attachment":"scroll","background-type":"","background-media":"","overlay-type":"","overlay-color":"","overlay-opacity":"","overlay-gradient":""},"mobile":{"background-color":"var(--ast-global-color-5)","background-image":"","background-repeat":"repeat","background-position":"center center","background-size":"auto","background-attachment":"scroll","background-type":"","background-media":"","overlay-type":"","overlay-color":"","overlay-opacity":"","overlay-gradient":""}},"footnotes":""},"categories":[29],"tags":[],"class_list":["post-14251","post","type-post","status-publish","format-standard","has-post-thumbnail","hentry","category-portada"],"post_mailing_queue_ids":[],"_links":{"self":[{"href":"https:\/\/serveiseducatius.xtec.cat\/bergueda\/wp-json\/wp\/v2\/posts\/14251","targetHints":{"allow":["GET"]}}],"collection":[{"href":"https:\/\/serveiseducatius.xtec.cat\/bergueda\/wp-json\/wp\/v2\/posts"}],"about":[{"href":"https:\/\/serveiseducatius.xtec.cat\/bergueda\/wp-json\/wp\/v2\/types\/post"}],"author":[{"embeddable":true,"href":"https:\/\/serveiseducatius.xtec.cat\/bergueda\/wp-json\/wp\/v2\/users\/1"}],"replies":[{"embeddable":true,"href":"https:\/\/serveiseducatius.xtec.cat\/bergueda\/wp-json\/wp\/v2\/comments?post=14251"}],"version-history":[{"count":1,"href":"https:\/\/serveiseducatius.xtec.cat\/bergueda\/wp-json\/wp\/v2\/posts\/14251\/revisions"}],"predecessor-version":[{"id":14254,"href":"https:\/\/serveiseducatius.xtec.cat\/bergueda\/wp-json\/wp\/v2\/posts\/14251\/revisions\/14254"}],"wp:featuredmedia":[{"embeddable":true,"href":"https:\/\/serveiseducatius.xtec.cat\/bergueda\/wp-json\/wp\/v2\/media\/14253"}],"wp:attachment":[{"href":"https:\/\/serveiseducatius.xtec.cat\/bergueda\/wp-json\/wp\/v2\/media?parent=14251"}],"wp:term":[{"taxonomy":"category","embeddable":true,"href":"https:\/\/serveiseducatius.xtec.cat\/bergueda\/wp-json\/wp\/v2\/categories?post=14251"},{"taxonomy":"post_tag","embeddable":true,"href":"https:\/\/serveiseducatius.xtec.cat\/bergueda\/wp-json\/wp\/v2\/tags?post=14251"}],"curies":[{"name":"wp","href":"https:\/\/api.w.org\/{rel}","templated":true}]}}