{"id":14209,"date":"2022-02-02T16:48:10","date_gmt":"2022-02-02T15:48:10","guid":{"rendered":"https:\/\/serveiseducatius.xtec.cat\/bergueda\/?p=14209"},"modified":"2022-02-02T16:56:10","modified_gmt":"2022-02-02T15:56:10","slug":"11-de-febrer-dia-internacional-de-la-dona-i-la-nena-a-la-ciencia","status":"publish","type":"post","link":"https:\/\/serveiseducatius.xtec.cat\/bergueda\/portada\/11-de-febrer-dia-internacional-de-la-dona-i-la-nena-a-la-ciencia\/","title":{"rendered":"11 de febrer. Dia internacional de la dona i la nena a la ci\u00e8ncia"},"content":{"rendered":"<p><a href=\"https:\/\/serveiseducatius.xtec.cat\/bergueda\/wp-content\/uploads\/usu878\/2022\/02\/denenesacientifiques-e1643816390765.png\"><img loading=\"lazy\" decoding=\"async\" class=\"size-full wp-image-14210 aligncenter\" src=\"https:\/\/serveiseducatius.xtec.cat\/bergueda\/wp-content\/uploads\/usu878\/2022\/02\/denenesacientifiques-e1643816390765.png\" alt=\"\" width=\"700\" height=\"391\" \/><\/a><\/p>\n<p><strong><a href=\"http:\/\/www.ub.edu\/laubdivulga\/denenesacientifiques\/\" target=\"_blank\" rel=\"noopener\">Proposta de la UB. <\/a><\/strong>Activitat per a prim\u00e0ria<br \/>\nCom arriba una cient\u00edfica a ser-ho? Totes ho tenien molt clar des de ben petites? Qualsevol nena pot arribar a fer de la recerca la seva professi\u00f3? La resposta \u00e9s afirmativa, i com a mostra, un bot\u00f3!<strong>\u00a0<\/strong><\/p>\n<p>Ens proposen visualitzar un v\u00eddeo de 9&#8242; on<b> cinc cient\u00edfiques de la Universitat de Barcelona s\u2019adrecen als infants de prim\u00e0ria, especialment a les nenes, compartint la seva hist\u00f2ria personal.<\/b> Cinc dones de diferents edats, amb diferents moments personals i professionals, comparteixen el seu cam\u00ed individual fins arribar al punt professional on es troben ara. <strong>Aquest v\u00eddeo busca generar el debat dins de les aules d\u2019educaci\u00f3 prim\u00e0ria<\/strong> per tal que les generacions futures no repeteixin els patrons actuals. Per qu\u00e8 hi ha aquesta manca de visibilitat de les dones en la recerca? Qu\u00e8 es podria fer per aconseguir que hi haguessin tantes dones com homes fent investigaci\u00f3?\u00a0<strong>Voleu ajudar-nos arreglar-ho? <\/strong>La iniciativa demana a les escoles que un cop visualitzat el v\u00eddeo retornin propostes que els infants hagin pensat per solucionar el problema&#8230; Com podr\u00edem fer que haguessin tantes dones com homes fent recerca? Se us acudeix una soluci\u00f3? Proposen que es debati a classe sobre la situaci\u00f3 de les dones en el mon de la ci\u00e8ncia i la recerca, intentar pensar com es podria fer que hi haguessin m\u00e9s nenes interessades en ci\u00e8ncia. Amb les conclusions, es pot elaborar un text, un dibuix, un \u00e0udio, una pel\u00b7l\u00edcula, el que m\u00e9s agradi! La resposta m\u00e9s enginyosa formar\u00e0 part de la imatge de la UB per l\u201911 de febrer de l\u2019any vinent. <a href=\"http:\/\/www.ub.edu\/laubdivulga\/denenesacientifiques\/\">Termini per enviar les propostes: 28 de febrer<\/a><\/p>\n<p><strong><a href=\"https:\/\/100tifiques.cat\/cientifiques\/\" target=\"_blank\" rel=\"noopener\">#100t\u00edfiques. <\/a><\/strong>6\u00e8 de prim\u00e0ria i 1r d&#8217;ESO<br \/>\nProposta de la Fundaci\u00f3 Catalana per la Recerca en col\u00b7laboraci\u00f3 amb el Departament d\u2019Educaci\u00f3. Es pot seguir l&#8217;<a href=\"https:\/\/100tifiques.cat\/\" target=\"_blank\" rel=\"noopener\">acte en streaming<\/a> de 9.30 a 13.00<\/p>\n<p><a href=\"https:\/\/serveiseducatius.xtec.cat\/bergueda\/portada\/fotonica-en-5-minuts\/\" target=\"_blank\" rel=\"noopener\">Fot\u00f2nica en cinc minuts<\/a>. Segon cicle d&#8217;ESO i batxillerat.<\/p>\n<p><a href=\"https:\/\/cosmocaixa.org\/ca\/p\/elles-a-la-ciencia_a17159870?utm_source=newsletter&amp;utm_medium=email&amp;utm_campaign=6347_CC-BCN_Email&amp;utm_content=CA&amp;utm_term=Exposiciones&amp;crm_i=EXP_1_FOR\" target=\"_blank\" rel=\"noopener\">\u00a0<strong>Exposici\u00f3 Elles a la Ci\u00e8ncia. CosmoCaixa. Visita gratu\u00efta 11 de febrer.<\/strong><\/a>\u00a0De l\u201911 de febrer al 17 de mar\u00e7<\/p>\n","protected":false},"excerpt":{"rendered":"<p>Proposta de la UB. Activitat per a prim\u00e0ria Com arriba una cient\u00edfica a ser-ho? Totes ho tenien molt clar des [&hellip;]<\/p>\n","protected":false},"author":1,"featured_media":14211,"comment_status":"closed","ping_status":"closed","sticky":false,"template":"","format":"standard","meta":{"_bbp_topic_count":0,"_bbp_reply_count":0,"_bbp_total_topic_count":0,"_bbp_total_reply_count":0,"_bbp_voice_count":0,"_bbp_anonymous_reply_count":0,"_bbp_topic_count_hidden":0,"_bbp_reply_count_hidden":0,"_bbp_forum_subforum_count":0,"site-sidebar-layout":"default","site-content-layout":"","ast-site-content-layout":"","site-content-style":"default","site-sidebar-style":"default","ast-global-header-display":"","ast-banner-title-visibility":"","ast-main-header-display":"","ast-hfb-above-header-display":"","ast-hfb-below-header-display":"","ast-hfb-mobile-header-display":"","site-post-title":"","ast-breadcrumbs-content":"","ast-featured-img":"","footer-sml-layout":"","theme-transparent-header-meta":"","adv-header-id-meta":"","stick-header-meta":"","header-above-stick-meta":"","header-main-stick-meta":"","header-below-stick-meta":"","astra-migrate-meta-layouts":"default","ast-page-background-enabled":"default","ast-page-background-meta":{"desktop":{"background-color":"var(--ast-global-color-4)","background-image":"","background-repeat":"repeat","background-position":"center center","background-size":"auto","background-attachment":"scroll","background-type":"","background-media":"","overlay-type":"","overlay-color":"","overlay-opacity":"","overlay-gradient":""},"tablet":{"background-color":"","background-image":"","background-repeat":"repeat","background-position":"center center","background-size":"auto","background-attachment":"scroll","background-type":"","background-media":"","overlay-type":"","overlay-color":"","overlay-opacity":"","overlay-gradient":""},"mobile":{"background-color":"","background-image":"","background-repeat":"repeat","background-position":"center center","background-size":"auto","background-attachment":"scroll","background-type":"","background-media":"","overlay-type":"","overlay-color":"","overlay-opacity":"","overlay-gradient":""}},"ast-content-background-meta":{"desktop":{"background-color":"var(--ast-global-color-5)","background-image":"","background-repeat":"repeat","background-position":"center center","background-size":"auto","background-attachment":"scroll","background-type":"","background-media":"","overlay-type":"","overlay-color":"","overlay-opacity":"","overlay-gradient":""},"tablet":{"background-color":"var(--ast-global-color-5)","background-image":"","background-repeat":"repeat","background-position":"center center","background-size":"auto","background-attachment":"scroll","background-type":"","background-media":"","overlay-type":"","overlay-color":"","overlay-opacity":"","overlay-gradient":""},"mobile":{"background-color":"var(--ast-global-color-5)","background-image":"","background-repeat":"repeat","background-position":"center center","background-size":"auto","background-attachment":"scroll","background-type":"","background-media":"","overlay-type":"","overlay-color":"","overlay-opacity":"","overlay-gradient":""}},"footnotes":""},"categories":[29],"tags":[],"class_list":["post-14209","post","type-post","status-publish","format-standard","has-post-thumbnail","hentry","category-portada"],"post_mailing_queue_ids":[],"_links":{"self":[{"href":"https:\/\/serveiseducatius.xtec.cat\/bergueda\/wp-json\/wp\/v2\/posts\/14209","targetHints":{"allow":["GET"]}}],"collection":[{"href":"https:\/\/serveiseducatius.xtec.cat\/bergueda\/wp-json\/wp\/v2\/posts"}],"about":[{"href":"https:\/\/serveiseducatius.xtec.cat\/bergueda\/wp-json\/wp\/v2\/types\/post"}],"author":[{"embeddable":true,"href":"https:\/\/serveiseducatius.xtec.cat\/bergueda\/wp-json\/wp\/v2\/users\/1"}],"replies":[{"embeddable":true,"href":"https:\/\/serveiseducatius.xtec.cat\/bergueda\/wp-json\/wp\/v2\/comments?post=14209"}],"version-history":[{"count":2,"href":"https:\/\/serveiseducatius.xtec.cat\/bergueda\/wp-json\/wp\/v2\/posts\/14209\/revisions"}],"predecessor-version":[{"id":14213,"href":"https:\/\/serveiseducatius.xtec.cat\/bergueda\/wp-json\/wp\/v2\/posts\/14209\/revisions\/14213"}],"wp:featuredmedia":[{"embeddable":true,"href":"https:\/\/serveiseducatius.xtec.cat\/bergueda\/wp-json\/wp\/v2\/media\/14211"}],"wp:attachment":[{"href":"https:\/\/serveiseducatius.xtec.cat\/bergueda\/wp-json\/wp\/v2\/media?parent=14209"}],"wp:term":[{"taxonomy":"category","embeddable":true,"href":"https:\/\/serveiseducatius.xtec.cat\/bergueda\/wp-json\/wp\/v2\/categories?post=14209"},{"taxonomy":"post_tag","embeddable":true,"href":"https:\/\/serveiseducatius.xtec.cat\/bergueda\/wp-json\/wp\/v2\/tags?post=14209"}],"curies":[{"name":"wp","href":"https:\/\/api.w.org\/{rel}","templated":true}]}}