{"id":13968,"date":"2022-01-11T09:36:34","date_gmt":"2022-01-11T08:36:34","guid":{"rendered":"https:\/\/serveiseducatius.xtec.cat\/bergueda\/?p=13968"},"modified":"2022-03-14T13:13:02","modified_gmt":"2022-03-14T12:13:02","slug":"iii-congres-de-pedagogia-musical-a-catalunya","status":"publish","type":"post","link":"https:\/\/serveiseducatius.xtec.cat\/bergueda\/portada\/iii-congres-de-pedagogia-musical-a-catalunya\/","title":{"rendered":"III Congr\u00e9s de Pedagogia Musical a Catalunya"},"content":{"rendered":"<p><a href=\"https:\/\/serveiseducatius.xtec.cat\/bergueda\/wp-content\/uploads\/usu878\/2022\/01\/congresmusica.jpg\"><img loading=\"lazy\" decoding=\"async\" class=\"size-full wp-image-13969 aligncenter\" src=\"https:\/\/serveiseducatius.xtec.cat\/bergueda\/wp-content\/uploads\/usu878\/2022\/01\/congresmusica.jpg\" alt=\"\" width=\"1008\" height=\"346\" srcset=\"https:\/\/serveiseducatius.xtec.cat\/bergueda\/wp-content\/uploads\/usu878\/2022\/01\/congresmusica.jpg 1008w, https:\/\/serveiseducatius.xtec.cat\/bergueda\/wp-content\/uploads\/usu878\/2022\/01\/congresmusica-300x103.jpg 300w, https:\/\/serveiseducatius.xtec.cat\/bergueda\/wp-content\/uploads\/usu878\/2022\/01\/congresmusica-768x264.jpg 768w\" sizes=\"auto, (max-width: 1008px) 100vw, 1008px\" \/><\/a><\/p>\n<p>El\u00a0<a href=\"https:\/\/congres.conservatoris.cat\/\" target=\"_blank\" rel=\"noopener\">III Congr\u00e9s de Pedagogia Musical a Catalunya<\/a> \u00e9s una plataforma de comunicaci\u00f3 i intercanvi d\u2019experi\u00e8ncies relacionades amb l\u2019ensenyament de la m\u00fasica, organitzada per l\u2019<strong><a href=\"http:\/\/www.conservatoris.cat\/\" target=\"_blank\" rel=\"noopener noreferrer\">Associaci\u00f3 de Conservatoris de Catalunya<\/a><\/strong> amb el suport i col\u00b7laboraci\u00f3 del Servei d\u2019Ordenaci\u00f3 dels Ensenyaments de R\u00e8gim Especial del Departament d\u2019Educaci\u00f3 de la Generalitat de Catalunya. Enguany, pret\u00e9n focalitzar l\u2019atenci\u00f3 en\u00a0<strong>\u201cL&#8217;aprenentatge i avaluaci\u00f3 per compet\u00e8ncies als ensenyaments musicals\u201d<\/strong> oferint un espai als professionals del sector de l\u2019educaci\u00f3 musical a Catalunya on mostrar les seves innovacions metodol\u00f2giques, experi\u00e8ncies d\u2019aula, treballs de cooperaci\u00f3 i investigacions.<\/p>\n<p>Aquesta tercera edici\u00f3 tindr\u00e0 lloc al <strong>Conservatori Municipal de M\u00fasica de Barcelona<\/strong>\u00a0els dies\u00a0<strong>18, 19 i 20 de febrer de 2022.\u00a0<\/strong>Comptar\u00e0 amb pon\u00e8ncies de l&#8217;H\u00e9ctor Ruiz, \u00c0lvaro Zaldivar, Bego\u00f1a Folch, Helena Gaunt, Joaquim Miranda, Maria Andreu i \u00c0ngel Guirado.<\/p>\n<p><a href=\"https:\/\/congres.conservatoris.cat\/\" target=\"_blank\" rel=\"noopener\">M\u00e9s informaci\u00f3 i inscripcions<\/a><\/p>\n<p>&nbsp;<\/p>\n","protected":false},"excerpt":{"rendered":"<p>Aquesta tercera edici\u00f3 tindr\u00e0 lloc al Conservatori Municipal de M\u00fasica de Barcelona\u00a0els dies\u00a018, 19 i 20 de febrer de 2022.\u00a0Comptar\u00e0 amb pon\u00e8ncies de l&#8217;H\u00e9ctor Ruiz, \u00c0lvaro Zaldivar,<\/p>\n","protected":false},"author":1,"featured_media":13970,"comment_status":"closed","ping_status":"closed","sticky":false,"template":"","format":"standard","meta":{"_bbp_topic_count":0,"_bbp_reply_count":0,"_bbp_total_topic_count":0,"_bbp_total_reply_count":0,"_bbp_voice_count":0,"_bbp_anonymous_reply_count":0,"_bbp_topic_count_hidden":0,"_bbp_reply_count_hidden":0,"_bbp_forum_subforum_count":0,"site-sidebar-layout":"default","site-content-layout":"","ast-site-content-layout":"","site-content-style":"default","site-sidebar-style":"default","ast-global-header-display":"","ast-banner-title-visibility":"","ast-main-header-display":"","ast-hfb-above-header-display":"","ast-hfb-below-header-display":"","ast-hfb-mobile-header-display":"","site-post-title":"","ast-breadcrumbs-content":"","ast-featured-img":"","footer-sml-layout":"","theme-transparent-header-meta":"","adv-header-id-meta":"","stick-header-meta":"","header-above-stick-meta":"","header-main-stick-meta":"","header-below-stick-meta":"","astra-migrate-meta-layouts":"default","ast-page-background-enabled":"default","ast-page-background-meta":{"desktop":{"background-color":"var(--ast-global-color-4)","background-image":"","background-repeat":"repeat","background-position":"center center","background-size":"auto","background-attachment":"scroll","background-type":"","background-media":"","overlay-type":"","overlay-color":"","overlay-opacity":"","overlay-gradient":""},"tablet":{"background-color":"","background-image":"","background-repeat":"repeat","background-position":"center center","background-size":"auto","background-attachment":"scroll","background-type":"","background-media":"","overlay-type":"","overlay-color":"","overlay-opacity":"","overlay-gradient":""},"mobile":{"background-color":"","background-image":"","background-repeat":"repeat","background-position":"center center","background-size":"auto","background-attachment":"scroll","background-type":"","background-media":"","overlay-type":"","overlay-color":"","overlay-opacity":"","overlay-gradient":""}},"ast-content-background-meta":{"desktop":{"background-color":"var(--ast-global-color-5)","background-image":"","background-repeat":"repeat","background-position":"center center","background-size":"auto","background-attachment":"scroll","background-type":"","background-media":"","overlay-type":"","overlay-color":"","overlay-opacity":"","overlay-gradient":""},"tablet":{"background-color":"var(--ast-global-color-5)","background-image":"","background-repeat":"repeat","background-position":"center center","background-size":"auto","background-attachment":"scroll","background-type":"","background-media":"","overlay-type":"","overlay-color":"","overlay-opacity":"","overlay-gradient":""},"mobile":{"background-color":"var(--ast-global-color-5)","background-image":"","background-repeat":"repeat","background-position":"center center","background-size":"auto","background-attachment":"scroll","background-type":"","background-media":"","overlay-type":"","overlay-color":"","overlay-opacity":"","overlay-gradient":""}},"footnotes":""},"categories":[235,29],"tags":[],"class_list":["post-13968","post","type-post","status-publish","format-standard","has-post-thumbnail","hentry","category-formacio_ins","category-portada"],"post_mailing_queue_ids":[],"_links":{"self":[{"href":"https:\/\/serveiseducatius.xtec.cat\/bergueda\/wp-json\/wp\/v2\/posts\/13968","targetHints":{"allow":["GET"]}}],"collection":[{"href":"https:\/\/serveiseducatius.xtec.cat\/bergueda\/wp-json\/wp\/v2\/posts"}],"about":[{"href":"https:\/\/serveiseducatius.xtec.cat\/bergueda\/wp-json\/wp\/v2\/types\/post"}],"author":[{"embeddable":true,"href":"https:\/\/serveiseducatius.xtec.cat\/bergueda\/wp-json\/wp\/v2\/users\/1"}],"replies":[{"embeddable":true,"href":"https:\/\/serveiseducatius.xtec.cat\/bergueda\/wp-json\/wp\/v2\/comments?post=13968"}],"version-history":[{"count":1,"href":"https:\/\/serveiseducatius.xtec.cat\/bergueda\/wp-json\/wp\/v2\/posts\/13968\/revisions"}],"predecessor-version":[{"id":13971,"href":"https:\/\/serveiseducatius.xtec.cat\/bergueda\/wp-json\/wp\/v2\/posts\/13968\/revisions\/13971"}],"wp:featuredmedia":[{"embeddable":true,"href":"https:\/\/serveiseducatius.xtec.cat\/bergueda\/wp-json\/wp\/v2\/media\/13970"}],"wp:attachment":[{"href":"https:\/\/serveiseducatius.xtec.cat\/bergueda\/wp-json\/wp\/v2\/media?parent=13968"}],"wp:term":[{"taxonomy":"category","embeddable":true,"href":"https:\/\/serveiseducatius.xtec.cat\/bergueda\/wp-json\/wp\/v2\/categories?post=13968"},{"taxonomy":"post_tag","embeddable":true,"href":"https:\/\/serveiseducatius.xtec.cat\/bergueda\/wp-json\/wp\/v2\/tags?post=13968"}],"curies":[{"name":"wp","href":"https:\/\/api.w.org\/{rel}","templated":true}]}}