{"id":13800,"date":"2021-11-24T16:59:17","date_gmt":"2021-11-24T15:59:17","guid":{"rendered":"https:\/\/serveiseducatius.xtec.cat\/bergueda\/?p=13800"},"modified":"2021-11-24T17:00:09","modified_gmt":"2021-11-24T16:00:09","slug":"impacte_de_la_tecnologia_en_ladolescencia","status":"publish","type":"post","link":"https:\/\/serveiseducatius.xtec.cat\/bergueda\/portada\/impacte_de_la_tecnologia_en_ladolescencia\/","title":{"rendered":"Impacte de la tecnologia en l\u2019adolesc\u00e8ncia"},"content":{"rendered":"<p><span lang=\"CA\"><a href=\"https:\/\/serveiseducatius.xtec.cat\/bergueda\/wp-content\/uploads\/usu878\/2021\/11\/adolescenciaunicef.jpg\"><img loading=\"lazy\" decoding=\"async\" class=\"size-full wp-image-13801 aligncenter\" src=\"https:\/\/serveiseducatius.xtec.cat\/bergueda\/wp-content\/uploads\/usu878\/2021\/11\/adolescenciaunicef.jpg\" alt=\"\" width=\"700\" height=\"493\" srcset=\"https:\/\/serveiseducatius.xtec.cat\/bergueda\/wp-content\/uploads\/usu878\/2021\/11\/adolescenciaunicef.jpg 700w, https:\/\/serveiseducatius.xtec.cat\/bergueda\/wp-content\/uploads\/usu878\/2021\/11\/adolescenciaunicef-300x211.jpg 300w\" sizes=\"auto, (max-width: 700px) 100vw, 700px\" \/><\/a><\/span><\/p>\n<p><span lang=\"CA\">Ja ha tingut lloc la presentaci\u00f3 de l\u2019informe <\/span><span lang=\"CA\">\u201cImpacte de la tecnologia en l\u2019adolesc\u00e8ncia\u201d<\/span><span lang=\"CA\">. Us adjuntem el document original\u00a0<\/span><span lang=\"CA\"><a href=\"https:\/\/www.unicef.es\/publicacion\/impacto-de-la-tecnologia-en-la-adolescencia\" target=\"_blank\" rel=\"noopener\" data-saferedirecturl=\"https:\/\/www.google.com\/url?q=https:\/\/www.unicef.es\/publicacion\/impacto-de-la-tecnologia-en-la-adolescencia&amp;source=gmail&amp;ust=1637854478846000&amp;usg=AOvVaw2L0Qo6cDy7NgJNyimjYX0A\">aqu\u00ed<\/a><\/span><span lang=\"CA\">, la gravaci\u00f3 de la sessi\u00f3\u00a0<\/span><span lang=\"CA\"><a href=\"https:\/\/www.youtube.com\/watch?v=v4Udp_nLHwk\" target=\"_blank\" rel=\"noopener\" data-saferedirecturl=\"https:\/\/www.google.com\/url?q=https:\/\/www.youtube.com\/watch?v%3Dv4Udp_nLHwk&amp;source=gmail&amp;ust=1637854478846000&amp;usg=AOvVaw0wOOf8j0fUvqT6g6UssWvI\">aqu\u00ed<\/a><\/span><span lang=\"CA\"> i un <a href=\"https:\/\/serveiseducatius.xtec.cat\/bergueda\/wp-content\/uploads\/usu878\/2021\/11\/CAT_RESUMEN_INFORME_TRICS_DEF.pdf\">resum executiu de l\u2019informe<\/a> (en catal\u00e0).<\/span><u><\/u><u><\/u><\/p>\n<p><span lang=\"CA\">U<\/span><span lang=\"CA\"><span class=\"il\">NICEF<\/span>\u00a0Espanya ha posat en marxa una campanya de sensibilitzaci\u00f3 adre\u00e7ada a pares i mares d\u2019infants que tot just han entrat a Internet o que estan a punt de fer-ho, amb l\u2019objectiu de proposar a les fam\u00edlies que acompanyin els seus fills i filles en aquella vida digital que ara comencen. La campanya compta amb recursos per a les fam\u00edlies a les qu\u00e8 convida a compartir les seves experi\u00e8ncies.<\/span><u><\/u><u><\/u><\/p>\n<p><span lang=\"CA\">\u00a0<\/span><u><\/u><u><\/u><span lang=\"CA\">Aquest \u00e9s l\u2019enlla\u00e7 a la campanya<\/span><span lang=\"CA\">\u00a0<\/span><span lang=\"CA\"><a href=\"https:\/\/www.unicef.es\/su-mayor-influencer\" target=\"_blank\" rel=\"noopener\" data-saferedirecturl=\"https:\/\/www.google.com\/url?q=https:\/\/www.unicef.es\/su-mayor-influencer&amp;source=gmail&amp;ust=1637854478846000&amp;usg=AOvVaw0jQhMYd5YxIYkTWm0fRNlF\">https:\/\/www.<span class=\"il\">unicef<\/span>.es\/su-<wbr \/>mayor-influencer<\/a>\u00a0<\/span><span lang=\"CA\">des d\u2019on tamb\u00e9 es podr\u00e0 accedir a la l\u00ednia de ciberseguretat per a les fam\u00edlies\u00a0<\/span><span lang=\"CA\"><a href=\"https:\/\/www.incibe.es\/linea-de-ayuda-en-ciberseguridad\" target=\"_blank\" rel=\"noopener\" data-saferedirecturl=\"https:\/\/www.google.com\/url?q=https:\/\/www.incibe.es\/linea-de-ayuda-en-ciberseguridad&amp;source=gmail&amp;ust=1637854478847000&amp;usg=AOvVaw2SrsjEysdqthSkSvfS2HPU\">Tu Ayuda en Ciberseguridad<\/a><\/span><span lang=\"CA\">, un servei a estatal, gratu\u00eft i confidencial de l\u2019Institut Nacional de Ciberseguretat (INCIBE) que ofereix assessorament t\u00e8cnic, psicosocial i legal als usuaris d\u2019Internet i la tecnologia, amb especial \u00e8mfasi en els menors d\u2019edat i les persones del seu entorn.<\/span><\/p>\n","protected":false},"excerpt":{"rendered":"<p>UNICEF ens presenta l\u2019informe \u201cImpacte de la tecnologia en l\u2019adolesc\u00e8ncia\u201d. Us adjuntem el document original, la gravaci\u00f3 de la sessi\u00f3\u00a0aqu\u00ed i un resum executiu de l\u2019informe (en catal\u00e0)<\/p>\n","protected":false},"author":1,"featured_media":13802,"comment_status":"closed","ping_status":"closed","sticky":false,"template":"","format":"standard","meta":{"_bbp_topic_count":0,"_bbp_reply_count":0,"_bbp_total_topic_count":0,"_bbp_total_reply_count":0,"_bbp_voice_count":0,"_bbp_anonymous_reply_count":0,"_bbp_topic_count_hidden":0,"_bbp_reply_count_hidden":0,"_bbp_forum_subforum_count":0,"site-sidebar-layout":"default","site-content-layout":"","ast-site-content-layout":"","site-content-style":"default","site-sidebar-style":"default","ast-global-header-display":"","ast-banner-title-visibility":"","ast-main-header-display":"","ast-hfb-above-header-display":"","ast-hfb-below-header-display":"","ast-hfb-mobile-header-display":"","site-post-title":"","ast-breadcrumbs-content":"","ast-featured-img":"","footer-sml-layout":"","theme-transparent-header-meta":"","adv-header-id-meta":"","stick-header-meta":"","header-above-stick-meta":"","header-main-stick-meta":"","header-below-stick-meta":"","astra-migrate-meta-layouts":"default","ast-page-background-enabled":"default","ast-page-background-meta":{"desktop":{"background-color":"var(--ast-global-color-4)","background-image":"","background-repeat":"repeat","background-position":"center center","background-size":"auto","background-attachment":"scroll","background-type":"","background-media":"","overlay-type":"","overlay-color":"","overlay-opacity":"","overlay-gradient":""},"tablet":{"background-color":"","background-image":"","background-repeat":"repeat","background-position":"center center","background-size":"auto","background-attachment":"scroll","background-type":"","background-media":"","overlay-type":"","overlay-color":"","overlay-opacity":"","overlay-gradient":""},"mobile":{"background-color":"","background-image":"","background-repeat":"repeat","background-position":"center center","background-size":"auto","background-attachment":"scroll","background-type":"","background-media":"","overlay-type":"","overlay-color":"","overlay-opacity":"","overlay-gradient":""}},"ast-content-background-meta":{"desktop":{"background-color":"var(--ast-global-color-5)","background-image":"","background-repeat":"repeat","background-position":"center center","background-size":"auto","background-attachment":"scroll","background-type":"","background-media":"","overlay-type":"","overlay-color":"","overlay-opacity":"","overlay-gradient":""},"tablet":{"background-color":"var(--ast-global-color-5)","background-image":"","background-repeat":"repeat","background-position":"center center","background-size":"auto","background-attachment":"scroll","background-type":"","background-media":"","overlay-type":"","overlay-color":"","overlay-opacity":"","overlay-gradient":""},"mobile":{"background-color":"var(--ast-global-color-5)","background-image":"","background-repeat":"repeat","background-position":"center center","background-size":"auto","background-attachment":"scroll","background-type":"","background-media":"","overlay-type":"","overlay-color":"","overlay-opacity":"","overlay-gradient":""}},"footnotes":""},"categories":[29],"tags":[],"class_list":["post-13800","post","type-post","status-publish","format-standard","has-post-thumbnail","hentry","category-portada"],"post_mailing_queue_ids":[],"_links":{"self":[{"href":"https:\/\/serveiseducatius.xtec.cat\/bergueda\/wp-json\/wp\/v2\/posts\/13800","targetHints":{"allow":["GET"]}}],"collection":[{"href":"https:\/\/serveiseducatius.xtec.cat\/bergueda\/wp-json\/wp\/v2\/posts"}],"about":[{"href":"https:\/\/serveiseducatius.xtec.cat\/bergueda\/wp-json\/wp\/v2\/types\/post"}],"author":[{"embeddable":true,"href":"https:\/\/serveiseducatius.xtec.cat\/bergueda\/wp-json\/wp\/v2\/users\/1"}],"replies":[{"embeddable":true,"href":"https:\/\/serveiseducatius.xtec.cat\/bergueda\/wp-json\/wp\/v2\/comments?post=13800"}],"version-history":[{"count":2,"href":"https:\/\/serveiseducatius.xtec.cat\/bergueda\/wp-json\/wp\/v2\/posts\/13800\/revisions"}],"predecessor-version":[{"id":13805,"href":"https:\/\/serveiseducatius.xtec.cat\/bergueda\/wp-json\/wp\/v2\/posts\/13800\/revisions\/13805"}],"wp:featuredmedia":[{"embeddable":true,"href":"https:\/\/serveiseducatius.xtec.cat\/bergueda\/wp-json\/wp\/v2\/media\/13802"}],"wp:attachment":[{"href":"https:\/\/serveiseducatius.xtec.cat\/bergueda\/wp-json\/wp\/v2\/media?parent=13800"}],"wp:term":[{"taxonomy":"category","embeddable":true,"href":"https:\/\/serveiseducatius.xtec.cat\/bergueda\/wp-json\/wp\/v2\/categories?post=13800"},{"taxonomy":"post_tag","embeddable":true,"href":"https:\/\/serveiseducatius.xtec.cat\/bergueda\/wp-json\/wp\/v2\/tags?post=13800"}],"curies":[{"name":"wp","href":"https:\/\/api.w.org\/{rel}","templated":true}]}}