{"id":13370,"date":"2021-09-13T17:48:00","date_gmt":"2021-09-13T15:48:00","guid":{"rendered":"https:\/\/serveiseducatius.xtec.cat\/bergueda\/?p=13370"},"modified":"2021-09-13T17:48:00","modified_gmt":"2021-09-13T15:48:00","slug":"xxix-seminari-josep-fontana-per-a-professorat-dhistoria-dies","status":"publish","type":"post","link":"https:\/\/serveiseducatius.xtec.cat\/bergueda\/portada\/xxix-seminari-josep-fontana-per-a-professorat-dhistoria-dies\/","title":{"rendered":"XXIX Seminari Josep Fontana per a professorat d&#8217;Hist\u00f2ria d&#8217;IES"},"content":{"rendered":"<p><a href=\"https:\/\/serveiseducatius.xtec.cat\/bergueda\/wp-content\/uploads\/usu878\/2021\/09\/Josep-fontana.jpg\"><img loading=\"lazy\" decoding=\"async\" class=\"size-full wp-image-13371 aligncenter\" src=\"https:\/\/serveiseducatius.xtec.cat\/bergueda\/wp-content\/uploads\/usu878\/2021\/09\/Josep-fontana.jpg\" alt=\"\" width=\"486\" height=\"233\" srcset=\"https:\/\/serveiseducatius.xtec.cat\/bergueda\/wp-content\/uploads\/usu878\/2021\/09\/Josep-fontana.jpg 486w, https:\/\/serveiseducatius.xtec.cat\/bergueda\/wp-content\/uploads\/usu878\/2021\/09\/Josep-fontana-300x144.jpg 300w\" sizes=\"auto, (max-width: 486px) 100vw, 486px\" \/><\/a><\/p>\n<p>L\u2019objectiu d\u2019aquest seminari adre\u00e7at als professors d\u2019ensenyament secundari \u00a0i organitzat cada curs per l\u2019Institut d\u2019Hist\u00f2ria Jaume Vicens i Vives (IUHJVV) i el Grup de Recerca de did\u00e0ctica de la Hist\u00f2ria, la Geografia i altres Ci\u00e8ncies Socials (DIHIGECS) de la Universitat de Barcelona \u00e9s oferir una visi\u00f3 rigorosa i actualitzada sobre temes d\u2019hist\u00f2ria i sobre problem\u00e0tiques mundials actuals i la seva did\u00e0ctica. Les sessions, a c\u00e0rrec de reconeguts especialistes en cadascuna de les mat\u00e8ries que s\u2019hi tracten, consten d\u2019una part te\u00f2rica i d\u2019un debat posterior.<\/p>\n<p><a href=\"https:\/\/drive.google.com\/file\/d\/1At2hz8qw8ac00Mva_8uGqOC8wDWtTl5E\/view?usp=sharing\">Podeu consultar el d\u00edptic<\/a>.<\/p>\n<p><a href=\"https:\/\/eventum.upf.edu\/69269\/detail\/xxxi-seminari-per-a-professors-dahistoria-daies-josep-fontana.html\" target=\"_blank\" rel=\"noopener\">M\u00e9s informaci\u00f3 i inscripcions.<\/a><\/p>\n<p>Inscripcions fins el 30 de setembre.<\/p>\n<p>&nbsp;<\/p>\n","protected":false},"excerpt":{"rendered":"<p>Inscripcions fins el 30 de setembre.<\/p>\n","protected":false},"author":1,"featured_media":13371,"comment_status":"closed","ping_status":"closed","sticky":false,"template":"","format":"standard","meta":{"_bbp_topic_count":0,"_bbp_reply_count":0,"_bbp_total_topic_count":0,"_bbp_total_reply_count":0,"_bbp_voice_count":0,"_bbp_anonymous_reply_count":0,"_bbp_topic_count_hidden":0,"_bbp_reply_count_hidden":0,"_bbp_forum_subforum_count":0,"site-sidebar-layout":"default","site-content-layout":"","ast-site-content-layout":"","site-content-style":"default","site-sidebar-style":"default","ast-global-header-display":"","ast-banner-title-visibility":"","ast-main-header-display":"","ast-hfb-above-header-display":"","ast-hfb-below-header-display":"","ast-hfb-mobile-header-display":"","site-post-title":"","ast-breadcrumbs-content":"","ast-featured-img":"","footer-sml-layout":"","theme-transparent-header-meta":"","adv-header-id-meta":"","stick-header-meta":"","header-above-stick-meta":"","header-main-stick-meta":"","header-below-stick-meta":"","astra-migrate-meta-layouts":"default","ast-page-background-enabled":"default","ast-page-background-meta":{"desktop":{"background-color":"var(--ast-global-color-4)","background-image":"","background-repeat":"repeat","background-position":"center center","background-size":"auto","background-attachment":"scroll","background-type":"","background-media":"","overlay-type":"","overlay-color":"","overlay-opacity":"","overlay-gradient":""},"tablet":{"background-color":"","background-image":"","background-repeat":"repeat","background-position":"center center","background-size":"auto","background-attachment":"scroll","background-type":"","background-media":"","overlay-type":"","overlay-color":"","overlay-opacity":"","overlay-gradient":""},"mobile":{"background-color":"","background-image":"","background-repeat":"repeat","background-position":"center center","background-size":"auto","background-attachment":"scroll","background-type":"","background-media":"","overlay-type":"","overlay-color":"","overlay-opacity":"","overlay-gradient":""}},"ast-content-background-meta":{"desktop":{"background-color":"var(--ast-global-color-5)","background-image":"","background-repeat":"repeat","background-position":"center center","background-size":"auto","background-attachment":"scroll","background-type":"","background-media":"","overlay-type":"","overlay-color":"","overlay-opacity":"","overlay-gradient":""},"tablet":{"background-color":"var(--ast-global-color-5)","background-image":"","background-repeat":"repeat","background-position":"center center","background-size":"auto","background-attachment":"scroll","background-type":"","background-media":"","overlay-type":"","overlay-color":"","overlay-opacity":"","overlay-gradient":""},"mobile":{"background-color":"var(--ast-global-color-5)","background-image":"","background-repeat":"repeat","background-position":"center center","background-size":"auto","background-attachment":"scroll","background-type":"","background-media":"","overlay-type":"","overlay-color":"","overlay-opacity":"","overlay-gradient":""}},"footnotes":""},"categories":[29],"tags":[],"class_list":["post-13370","post","type-post","status-publish","format-standard","has-post-thumbnail","hentry","category-portada"],"post_mailing_queue_ids":[],"_links":{"self":[{"href":"https:\/\/serveiseducatius.xtec.cat\/bergueda\/wp-json\/wp\/v2\/posts\/13370","targetHints":{"allow":["GET"]}}],"collection":[{"href":"https:\/\/serveiseducatius.xtec.cat\/bergueda\/wp-json\/wp\/v2\/posts"}],"about":[{"href":"https:\/\/serveiseducatius.xtec.cat\/bergueda\/wp-json\/wp\/v2\/types\/post"}],"author":[{"embeddable":true,"href":"https:\/\/serveiseducatius.xtec.cat\/bergueda\/wp-json\/wp\/v2\/users\/1"}],"replies":[{"embeddable":true,"href":"https:\/\/serveiseducatius.xtec.cat\/bergueda\/wp-json\/wp\/v2\/comments?post=13370"}],"version-history":[{"count":1,"href":"https:\/\/serveiseducatius.xtec.cat\/bergueda\/wp-json\/wp\/v2\/posts\/13370\/revisions"}],"predecessor-version":[{"id":13372,"href":"https:\/\/serveiseducatius.xtec.cat\/bergueda\/wp-json\/wp\/v2\/posts\/13370\/revisions\/13372"}],"wp:featuredmedia":[{"embeddable":true,"href":"https:\/\/serveiseducatius.xtec.cat\/bergueda\/wp-json\/wp\/v2\/media\/13371"}],"wp:attachment":[{"href":"https:\/\/serveiseducatius.xtec.cat\/bergueda\/wp-json\/wp\/v2\/media?parent=13370"}],"wp:term":[{"taxonomy":"category","embeddable":true,"href":"https:\/\/serveiseducatius.xtec.cat\/bergueda\/wp-json\/wp\/v2\/categories?post=13370"},{"taxonomy":"post_tag","embeddable":true,"href":"https:\/\/serveiseducatius.xtec.cat\/bergueda\/wp-json\/wp\/v2\/tags?post=13370"}],"curies":[{"name":"wp","href":"https:\/\/api.w.org\/{rel}","templated":true}]}}