{"id":13082,"date":"2021-05-17T11:17:45","date_gmt":"2021-05-17T09:17:45","guid":{"rendered":"http:\/\/serveiseducatius.xtec.cat\/bergueda\/?p=13082"},"modified":"2021-05-20T10:30:44","modified_gmt":"2021-05-20T08:30:44","slug":"videos-de-les-orientacions-per-lavaluacio-de-la-competencia-digital-de-lalumnat-a-primaria-i-a-secundaria","status":"publish","type":"post","link":"https:\/\/serveiseducatius.xtec.cat\/bergueda\/portada\/videos-de-les-orientacions-per-lavaluacio-de-la-competencia-digital-de-lalumnat-a-primaria-i-a-secundaria\/","title":{"rendered":"V\u00eddeos de les Orientacions per l\u2019avaluaci\u00f3 de la compet\u00e8ncia digital de l\u2019alumnat a prim\u00e0ria i a secund\u00e0ria"},"content":{"rendered":"<p>Els documents \u201cOrientacions per a l\u2019avaluaci\u00f3 de la compet\u00e8ncia digital de l\u2019alumnat a prim\u00e0ria\u201d i \u201cOrientacions per a l\u2019avaluaci\u00f3 de la compet\u00e8ncia digital de l\u2019alumnat a secund\u00e0ria\u201d s\u2019han elaborat en el marc del Pla d\u2019Educaci\u00f3 Digital de Catalunya impulsat pel Departament d\u2019Educaci\u00f3 de Catalunya amb la finalitat d\u2019oferir orientacions metodol\u00f2giques per facilitar el seguiment i l\u2019avaluaci\u00f3 de la compet\u00e8ncia digital de l\u2019alumnat al llarg de l\u2019etapa d\u2019educaci\u00f3 prim\u00e0ria i d\u2019educaci\u00f3 secund\u00e0ria.<\/p>\n<p>Per fer aquest seguiment de la CDA els dos documents proposen unes r\u00fabriques de refer\u00e8ncia de cadascuna de les compet\u00e8ncies de l\u2019\u00e0mbit digital que cada centre educatiu a partir de la coordinaci\u00f3 entre l\u2019equip directiu, la comissi\u00f3 d\u2019estrat\u00e8gia digital i juntament amb la resta del professorat del claustre han d\u2019adaptar-les a les caracter\u00edstiques, grau maduratiu, necessitats\u2026 del seu alumnat.<\/p>\n<p>Per facilitar l\u2019entesa d\u2019aquest proc\u00e9s i la implementaci\u00f3 de les r\u00fabriques de refer\u00e8ncia per al seguiment i avaluaci\u00f3 de la compet\u00e8ncia digital de l\u2019alumnat, aquests documents s\u2019han presentat a la Xarxa Territorial de Cultura Digital i s\u2019ha posat a la disposici\u00f3 de tot el professorat els seg\u00fcents v\u00eddeos explicatius:<\/p>\n<p><iframe loading=\"lazy\" src=\"https:\/\/www.youtube.com\/embed\/hym34zj1AB0\" width=\"460\" height=\"315\" frameborder=\"0\"><\/iframe><iframe loading=\"lazy\" src=\"https:\/\/www.youtube.com\/embed\/H8eGIt3-gSA\" width=\"460\" height=\"315\" frameborder=\"0\"><\/iframe><\/p>\n","protected":false},"excerpt":{"rendered":"<p>Els documents \u201cOrientacions per a l\u2019avaluaci\u00f3 de la compet\u00e8ncia digital de l\u2019alumnat a prim\u00e0ria\u201d i \u201cOrientacions per a l\u2019avaluaci\u00f3 de [&hellip;]<\/p>\n","protected":false},"author":1,"featured_media":13083,"comment_status":"closed","ping_status":"closed","sticky":false,"template":"","format":"standard","meta":{"_bbp_topic_count":0,"_bbp_reply_count":0,"_bbp_total_topic_count":0,"_bbp_total_reply_count":0,"_bbp_voice_count":0,"_bbp_anonymous_reply_count":0,"_bbp_topic_count_hidden":0,"_bbp_reply_count_hidden":0,"_bbp_forum_subforum_count":0,"site-sidebar-layout":"default","site-content-layout":"","ast-site-content-layout":"","site-content-style":"default","site-sidebar-style":"default","ast-global-header-display":"","ast-banner-title-visibility":"","ast-main-header-display":"","ast-hfb-above-header-display":"","ast-hfb-below-header-display":"","ast-hfb-mobile-header-display":"","site-post-title":"","ast-breadcrumbs-content":"","ast-featured-img":"","footer-sml-layout":"","theme-transparent-header-meta":"","adv-header-id-meta":"","stick-header-meta":"","header-above-stick-meta":"","header-main-stick-meta":"","header-below-stick-meta":"","astra-migrate-meta-layouts":"default","ast-page-background-enabled":"default","ast-page-background-meta":{"desktop":{"background-color":"var(--ast-global-color-4)","background-image":"","background-repeat":"repeat","background-position":"center center","background-size":"auto","background-attachment":"scroll","background-type":"","background-media":"","overlay-type":"","overlay-color":"","overlay-opacity":"","overlay-gradient":""},"tablet":{"background-color":"","background-image":"","background-repeat":"repeat","background-position":"center center","background-size":"auto","background-attachment":"scroll","background-type":"","background-media":"","overlay-type":"","overlay-color":"","overlay-opacity":"","overlay-gradient":""},"mobile":{"background-color":"","background-image":"","background-repeat":"repeat","background-position":"center center","background-size":"auto","background-attachment":"scroll","background-type":"","background-media":"","overlay-type":"","overlay-color":"","overlay-opacity":"","overlay-gradient":""}},"ast-content-background-meta":{"desktop":{"background-color":"var(--ast-global-color-5)","background-image":"","background-repeat":"repeat","background-position":"center center","background-size":"auto","background-attachment":"scroll","background-type":"","background-media":"","overlay-type":"","overlay-color":"","overlay-opacity":"","overlay-gradient":""},"tablet":{"background-color":"var(--ast-global-color-5)","background-image":"","background-repeat":"repeat","background-position":"center center","background-size":"auto","background-attachment":"scroll","background-type":"","background-media":"","overlay-type":"","overlay-color":"","overlay-opacity":"","overlay-gradient":""},"mobile":{"background-color":"var(--ast-global-color-5)","background-image":"","background-repeat":"repeat","background-position":"center center","background-size":"auto","background-attachment":"scroll","background-type":"","background-media":"","overlay-type":"","overlay-color":"","overlay-opacity":"","overlay-gradient":""}},"footnotes":""},"categories":[458,29],"tags":[],"class_list":["post-13082","post","type-post","status-publish","format-standard","has-post-thumbnail","hentry","category-mentoria-digital","category-portada"],"post_mailing_queue_ids":[],"_links":{"self":[{"href":"https:\/\/serveiseducatius.xtec.cat\/bergueda\/wp-json\/wp\/v2\/posts\/13082","targetHints":{"allow":["GET"]}}],"collection":[{"href":"https:\/\/serveiseducatius.xtec.cat\/bergueda\/wp-json\/wp\/v2\/posts"}],"about":[{"href":"https:\/\/serveiseducatius.xtec.cat\/bergueda\/wp-json\/wp\/v2\/types\/post"}],"author":[{"embeddable":true,"href":"https:\/\/serveiseducatius.xtec.cat\/bergueda\/wp-json\/wp\/v2\/users\/1"}],"replies":[{"embeddable":true,"href":"https:\/\/serveiseducatius.xtec.cat\/bergueda\/wp-json\/wp\/v2\/comments?post=13082"}],"version-history":[{"count":1,"href":"https:\/\/serveiseducatius.xtec.cat\/bergueda\/wp-json\/wp\/v2\/posts\/13082\/revisions"}],"predecessor-version":[{"id":13084,"href":"https:\/\/serveiseducatius.xtec.cat\/bergueda\/wp-json\/wp\/v2\/posts\/13082\/revisions\/13084"}],"wp:featuredmedia":[{"embeddable":true,"href":"https:\/\/serveiseducatius.xtec.cat\/bergueda\/wp-json\/wp\/v2\/media\/13083"}],"wp:attachment":[{"href":"https:\/\/serveiseducatius.xtec.cat\/bergueda\/wp-json\/wp\/v2\/media?parent=13082"}],"wp:term":[{"taxonomy":"category","embeddable":true,"href":"https:\/\/serveiseducatius.xtec.cat\/bergueda\/wp-json\/wp\/v2\/categories?post=13082"},{"taxonomy":"post_tag","embeddable":true,"href":"https:\/\/serveiseducatius.xtec.cat\/bergueda\/wp-json\/wp\/v2\/tags?post=13082"}],"curies":[{"name":"wp","href":"https:\/\/api.w.org\/{rel}","templated":true}]}}