{"id":12818,"date":"2021-04-08T10:19:02","date_gmt":"2021-04-08T08:19:02","guid":{"rendered":"http:\/\/serveiseducatius.xtec.cat\/bergueda\/?p=12818"},"modified":"2021-04-08T10:19:02","modified_gmt":"2021-04-08T08:19:02","slug":"converses-amb-el-grep-uab-psicomotricitat-i-tea-12-04-21","status":"publish","type":"post","link":"https:\/\/serveiseducatius.xtec.cat\/bergueda\/portada\/converses-amb-el-grep-uab-psicomotricitat-i-tea-12-04-21\/","title":{"rendered":"Converses amb el GREP UAB: Psicomotricitat i TEA (12\/04\/21)"},"content":{"rendered":"<p><a href=\"https:\/\/serveiseducatius.xtec.cat\/bergueda\/wp-content\/uploads\/usu878\/2021\/04\/CONVERSA-PSICO-I-TEA_GREP-UAB_CARTELL-1-300x300.png\"><img loading=\"lazy\" decoding=\"async\" class=\"size-full wp-image-12819 aligncenter\" src=\"https:\/\/serveiseducatius.xtec.cat\/bergueda\/wp-content\/uploads\/usu878\/2021\/04\/CONVERSA-PSICO-I-TEA_GREP-UAB_CARTELL-1-300x300.png\" alt=\"\" width=\"300\" height=\"300\" srcset=\"https:\/\/serveiseducatius.xtec.cat\/bergueda\/wp-content\/uploads\/usu878\/2021\/04\/CONVERSA-PSICO-I-TEA_GREP-UAB_CARTELL-1-300x300.png 300w, https:\/\/serveiseducatius.xtec.cat\/bergueda\/wp-content\/uploads\/usu878\/2021\/04\/CONVERSA-PSICO-I-TEA_GREP-UAB_CARTELL-1-300x300-150x150.png 150w\" sizes=\"auto, (max-width: 300px) 100vw, 300px\" \/><\/a><\/p>\n<p>Des del\u00a0<strong>Grup de Recerca en Educaci\u00f3 Psicomotriu<\/strong>\u00a0<strong>de la UAB\u00a0<\/strong>(GREP UAB) us fem arribar la seg\u00fcent informaci\u00f3 per si pot ser d\u2019inter\u00e8s i que pugueu fer la difusi\u00f3 que considereu convenient.<\/p>\n<p>Iniciem un nou projecte anomenat \u201c<strong>Converses amb el GREP UAB<\/strong>\u201d, amb el prop\u00f2sit d\u2019oferir espais i temps per compartir amb professionals del m\u00f3n de l\u2019educaci\u00f3 aspectes relacionats amb la Psicomotricitat. Aquestes es realitzaran mensualment amb diferents tem\u00e0tiques espec\u00edfiques, s\u00f3n gratu\u00eftes i no cal inscripci\u00f3 pr\u00e8via (per accedir nom\u00e9s cal fer click en l\u2019enlla\u00e7 d\u2019acc\u00e9s).<\/p>\n<p style=\"text-align: center;\"><strong>\u201cCONVERSES AMB EL GREP UAB\u201d<\/strong><\/p>\n<p style=\"text-align: center;\">\ud83d\udd39\u00a0<strong>Psicomotricitat i TEA<\/strong>\u00a0\ud83d\udd39<\/p>\n<p style=\"text-align: center;\">amb\u2026<\/p>\n<p style=\"text-align: center;\"><strong>JOSEP ROTA<\/strong><\/p>\n<p style=\"text-align: center;\">(<em>Psic\u00f2leg, psicomotricista i formador de psicomotricistes.\u00a0Membre del GREP UAB<\/em>)<\/p>\n<p style=\"text-align: center;\"><strong>i<\/strong><\/p>\n<p style=\"text-align: center;\"><strong>\u00c0NGELS MORRAL<\/strong><\/p>\n<p style=\"text-align: center;\">(<em>Terapeuta psicomotriu i mestra. Especialista en l\u2019atenci\u00f3 a persones amb TEA. Docent en v\u00e0ries formacions<\/em>)<\/p>\n<p style=\"text-align: center;\">Moderadora:<\/p>\n<p style=\"text-align: center;\"><strong>Mar Moya<\/strong><\/p>\n<p style=\"text-align: center;\">(<em>Psicomotricista i mestra de Pedagogia Terap\u00e8utica. Membre del GREP UAB<\/em>)<\/p>\n<p>\u00a0<strong>Dia:\u00a0<\/strong>dilluns 12 d\u2019abril de 2021<\/p>\n<p><strong>Hora:\u00a0<\/strong>de<strong>\u00a0<\/strong>18:30h a 19:30h<\/p>\n<p><strong>Acc\u00e9s <\/strong><strong>a l\u2019espai virtual on es realitzar\u00e0 la conversa:\u00a0 \u00a0\u00a0<\/strong><a href=\"https:\/\/teams.microsoft.com\/l\/meetup-join\/19%3ameeting_YTA1MGUwYjQtZmRmNy00ZWM3LTgzYjQtMjA2MjkxZTJlOTQz%40thread.v2\/0?context=%7b%22Tid%22%3a%226b514c29-2391-4831-b774-84f35c45bf01%22%2c%22Oid%22%3a%22ac3eed66-df42-4f5f-90be-f105df436c7a%22%7d\" data-saferedirecturl=\"https:\/\/www.google.com\/url?q=https:\/\/teams.microsoft.com\/l\/meetup-join\/19%253ameeting_YTA1MGUwYjQtZmRmNy00ZWM3LTgzYjQtMjA2MjkxZTJlOTQz%2540thread.v2\/0?context%3D%257b%2522Tid%2522%253a%25226b514c29-2391-4831-b774-84f35c45bf01%2522%252c%2522Oid%2522%253a%2522ac3eed66-df42-4f5f-90be-f105df436c7a%2522%257d&amp;source=gmail&amp;ust=1617805784936000&amp;usg=AFQjCNFYcj4-zB1R6IGOivO8NltKMDIpWQ\">Fes click aqu\u00ed per unir-te a la conversa \u201cPsicomotricitat i TEA\u201d<\/a><\/p>\n<p><strong>Vols interactuar amb els ponents d\u2019aquesta conversa?\u00a0\u00a0<\/strong>No t\u2019ho pensis dues vegades i fes-nos arribar les teves preguntes a:\u00a0<a href=\"mailto:gr.educacio.psicomotriu@uab.cat\">gr.educacio.psicomotriu@uab.cat<\/a><\/p>\n<p><strong>Recorda!\u00a0\u00a0<\/strong>Les<strong>\u00a0\u201c<\/strong><strong>Converses amb el GREP UAB<\/strong>\u201d s\u00f3n\u00a0g<u>ratu\u00eftes<\/u>\u00a0i pretenen oferir un espai i un temps per compartir plegats\/des sobre all\u00f2 que ens apassiona: la\u00a0<strong>Psicomotricitat<\/strong>.<\/p>\n","protected":false},"excerpt":{"rendered":"<p>Des del\u00a0Grup de Recerca en Educaci\u00f3 Psicomotriu\u00a0de la UAB\u00a0(GREP UAB) us fem arribar la seg\u00fcent informaci\u00f3 per si pot ser [&hellip;]<\/p>\n","protected":false},"author":1,"featured_media":12819,"comment_status":"closed","ping_status":"closed","sticky":false,"template":"","format":"standard","meta":{"_bbp_topic_count":0,"_bbp_reply_count":0,"_bbp_total_topic_count":0,"_bbp_total_reply_count":0,"_bbp_voice_count":0,"_bbp_anonymous_reply_count":0,"_bbp_topic_count_hidden":0,"_bbp_reply_count_hidden":0,"_bbp_forum_subforum_count":0,"site-sidebar-layout":"default","site-content-layout":"","ast-site-content-layout":"","site-content-style":"default","site-sidebar-style":"default","ast-global-header-display":"","ast-banner-title-visibility":"","ast-main-header-display":"","ast-hfb-above-header-display":"","ast-hfb-below-header-display":"","ast-hfb-mobile-header-display":"","site-post-title":"","ast-breadcrumbs-content":"","ast-featured-img":"","footer-sml-layout":"","theme-transparent-header-meta":"","adv-header-id-meta":"","stick-header-meta":"","header-above-stick-meta":"","header-main-stick-meta":"","header-below-stick-meta":"","astra-migrate-meta-layouts":"default","ast-page-background-enabled":"default","ast-page-background-meta":{"desktop":{"background-color":"var(--ast-global-color-4)","background-image":"","background-repeat":"repeat","background-position":"center center","background-size":"auto","background-attachment":"scroll","background-type":"","background-media":"","overlay-type":"","overlay-color":"","overlay-opacity":"","overlay-gradient":""},"tablet":{"background-color":"","background-image":"","background-repeat":"repeat","background-position":"center center","background-size":"auto","background-attachment":"scroll","background-type":"","background-media":"","overlay-type":"","overlay-color":"","overlay-opacity":"","overlay-gradient":""},"mobile":{"background-color":"","background-image":"","background-repeat":"repeat","background-position":"center center","background-size":"auto","background-attachment":"scroll","background-type":"","background-media":"","overlay-type":"","overlay-color":"","overlay-opacity":"","overlay-gradient":""}},"ast-content-background-meta":{"desktop":{"background-color":"var(--ast-global-color-5)","background-image":"","background-repeat":"repeat","background-position":"center center","background-size":"auto","background-attachment":"scroll","background-type":"","background-media":"","overlay-type":"","overlay-color":"","overlay-opacity":"","overlay-gradient":""},"tablet":{"background-color":"var(--ast-global-color-5)","background-image":"","background-repeat":"repeat","background-position":"center center","background-size":"auto","background-attachment":"scroll","background-type":"","background-media":"","overlay-type":"","overlay-color":"","overlay-opacity":"","overlay-gradient":""},"mobile":{"background-color":"var(--ast-global-color-5)","background-image":"","background-repeat":"repeat","background-position":"center center","background-size":"auto","background-attachment":"scroll","background-type":"","background-media":"","overlay-type":"","overlay-color":"","overlay-opacity":"","overlay-gradient":""}},"footnotes":""},"categories":[29],"tags":[],"class_list":["post-12818","post","type-post","status-publish","format-standard","has-post-thumbnail","hentry","category-portada"],"post_mailing_queue_ids":[],"_links":{"self":[{"href":"https:\/\/serveiseducatius.xtec.cat\/bergueda\/wp-json\/wp\/v2\/posts\/12818","targetHints":{"allow":["GET"]}}],"collection":[{"href":"https:\/\/serveiseducatius.xtec.cat\/bergueda\/wp-json\/wp\/v2\/posts"}],"about":[{"href":"https:\/\/serveiseducatius.xtec.cat\/bergueda\/wp-json\/wp\/v2\/types\/post"}],"author":[{"embeddable":true,"href":"https:\/\/serveiseducatius.xtec.cat\/bergueda\/wp-json\/wp\/v2\/users\/1"}],"replies":[{"embeddable":true,"href":"https:\/\/serveiseducatius.xtec.cat\/bergueda\/wp-json\/wp\/v2\/comments?post=12818"}],"version-history":[{"count":1,"href":"https:\/\/serveiseducatius.xtec.cat\/bergueda\/wp-json\/wp\/v2\/posts\/12818\/revisions"}],"predecessor-version":[{"id":12820,"href":"https:\/\/serveiseducatius.xtec.cat\/bergueda\/wp-json\/wp\/v2\/posts\/12818\/revisions\/12820"}],"wp:featuredmedia":[{"embeddable":true,"href":"https:\/\/serveiseducatius.xtec.cat\/bergueda\/wp-json\/wp\/v2\/media\/12819"}],"wp:attachment":[{"href":"https:\/\/serveiseducatius.xtec.cat\/bergueda\/wp-json\/wp\/v2\/media?parent=12818"}],"wp:term":[{"taxonomy":"category","embeddable":true,"href":"https:\/\/serveiseducatius.xtec.cat\/bergueda\/wp-json\/wp\/v2\/categories?post=12818"},{"taxonomy":"post_tag","embeddable":true,"href":"https:\/\/serveiseducatius.xtec.cat\/bergueda\/wp-json\/wp\/v2\/tags?post=12818"}],"curies":[{"name":"wp","href":"https:\/\/api.w.org\/{rel}","templated":true}]}}