{"id":12792,"date":"2021-04-06T13:06:05","date_gmt":"2021-04-06T11:06:05","guid":{"rendered":"http:\/\/serveiseducatius.xtec.cat\/bergueda\/?p=12792"},"modified":"2025-01-17T12:56:15","modified_gmt":"2025-01-17T11:56:15","slug":"coeducat-amb-el-curriculum","status":"publish","type":"post","link":"https:\/\/serveiseducatius.xtec.cat\/bergueda\/portada\/coeducat-amb-el-curriculum\/","title":{"rendered":"Coeduca&#8217;t amb el curr\u00edculum"},"content":{"rendered":"<p><a href=\"https:\/\/serveiseducatius.xtec.cat\/bergueda\/wp-content\/uploads\/usu878\/2021\/03\/coeducat.jpg\"><img loading=\"lazy\" decoding=\"async\" class=\"size-full wp-image-12751 aligncenter\" src=\"https:\/\/serveiseducatius.xtec.cat\/bergueda\/wp-content\/uploads\/usu878\/2021\/03\/coeducat.jpg\" alt=\"\" width=\"295\" height=\"231\" \/><\/a>Des del curs passat, el Departament d&#8217;Educaci\u00f3 segueix treballant per ajudar els centres educatius d&#8217;infantil, prim\u00e0ria i secund\u00e0ria a treballar aspectes de <b>coeducaci\u00f3, perspectiva de g\u00e8nere i de sexualitat.\u00a0<\/b><\/p>\n<p>A partir del mes <b>d&#8217;abril del 2021<\/b> continuaran les formacions del programa<b>\u00a0&#8220;Coeduca&#8217;t amb el curr\u00edculum&#8221;<\/b>. \u00c9s per aix\u00f2 que, com a centres us animem a participar-hi.<u><\/u><u><\/u><\/p>\n<p>L&#8217;objectiu d&#8217;aquesta formaci\u00f3 \u00e9s avan\u00e7ar cap a un model de sistema educatiu inclusiu, que incorpori la perspectiva de g\u00e8nere i la coeducaci\u00f3 perqu\u00e8 contribueixin a la millora de la societat, on no tingui cabuda la discriminaci\u00f3 per ra\u00f3 de g\u00e8nere, d\u2019estereotips i faciliti eines per desenvolupar l&#8217;educaci\u00f3 afectiva i sexual per prevenir la viol\u00e8ncia masclista.\u00a0<b>Aquesta educaci\u00f3 afectiva i sexual des de les primeres etapes \u00e9s un dels instruments per eradicar la viol\u00e8ncia.<\/b><u><\/u><u><\/u><\/p>\n<p>El curs\u00a0<b>consta de 20h &#8211;<\/b>que corresponen a\u00a0<i>15h de formaci\u00f3 i 5h de treball personal\u00a0<\/i>i transfer\u00e8ncia en el centre- i\u00a0<b>ser\u00e0 virtual.<\/b>\u00a0Est\u00e0 adre\u00e7at a\u00a0<b>2 o 3 docents del centre<\/b>\u00a0que actuaran com a equip impulsor. Es disposar\u00e0 de material de suport i eines i recursos concrets per incorporar-ho al curr\u00edculum, a la tutoria i a altres espais i estones educatives.<\/p>\n<p><strong><em><a href=\"https:\/\/aplicacions.gestioeducativa.gencat.cat\/pls\/soloas\/pk_for_mod_ins.p_for_pre_cons_activitats?p_any=2020-2021&amp;p_codi=B000700509\">Inscripcions del 26 de mar\u00e7 fins el 9 d&#8217;abril<\/a>.\u00a0<\/em><\/strong>Les sessions seran els dimecres 14, 21, 28 d&#8217;abril i 5, 12, 19\u00a0 i 26 de maig<\/p>\n<p>Les persones interessades accediran a la informaci\u00f3 clicant a l&#8217;apartat <strong>de l\u2019oferta formativa<\/strong>\u00a0a:<\/p>\n<p><a href=\"http:\/\/xtec.gencat.cat\/ca\/curriculum\/coeducacio\/formacio\/\" data-saferedirecturl=\"https:\/\/www.google.com\/url?q=http:\/\/xtec.gencat.cat\/ca\/curriculum\/coeducacio\/formacio\/&amp;source=gmail&amp;ust=1617792272058000&amp;usg=AFQjCNHoiclZktOm8ulDwZ98Ha2NNNo5sA\">http:\/\/xtec.gencat.cat\/ca\/curriculum\/coeducacio\/formacio\/<\/a><strong>\u00a0<\/strong><\/p>\n","protected":false},"excerpt":{"rendered":"<p>Curs adre\u00e7at a 2 0 3 docents de cada centre. Inscripcions fins el 9 d&#8217;abril.<\/p>\n","protected":false},"author":1,"featured_media":12751,"comment_status":"closed","ping_status":"closed","sticky":false,"template":"","format":"standard","meta":{"_bbp_topic_count":0,"_bbp_reply_count":0,"_bbp_total_topic_count":0,"_bbp_total_reply_count":0,"_bbp_voice_count":0,"_bbp_anonymous_reply_count":0,"_bbp_topic_count_hidden":0,"_bbp_reply_count_hidden":0,"_bbp_forum_subforum_count":0,"site-sidebar-layout":"default","site-content-layout":"","ast-site-content-layout":"","site-content-style":"default","site-sidebar-style":"default","ast-global-header-display":"","ast-banner-title-visibility":"","ast-main-header-display":"","ast-hfb-above-header-display":"","ast-hfb-below-header-display":"","ast-hfb-mobile-header-display":"","site-post-title":"","ast-breadcrumbs-content":"","ast-featured-img":"","footer-sml-layout":"","theme-transparent-header-meta":"","adv-header-id-meta":"","stick-header-meta":"","header-above-stick-meta":"","header-main-stick-meta":"","header-below-stick-meta":"","astra-migrate-meta-layouts":"default","ast-page-background-enabled":"default","ast-page-background-meta":{"desktop":{"background-color":"var(--ast-global-color-4)","background-image":"","background-repeat":"repeat","background-position":"center center","background-size":"auto","background-attachment":"scroll","background-type":"","background-media":"","overlay-type":"","overlay-color":"","overlay-opacity":"","overlay-gradient":""},"tablet":{"background-color":"","background-image":"","background-repeat":"repeat","background-position":"center center","background-size":"auto","background-attachment":"scroll","background-type":"","background-media":"","overlay-type":"","overlay-color":"","overlay-opacity":"","overlay-gradient":""},"mobile":{"background-color":"","background-image":"","background-repeat":"repeat","background-position":"center center","background-size":"auto","background-attachment":"scroll","background-type":"","background-media":"","overlay-type":"","overlay-color":"","overlay-opacity":"","overlay-gradient":""}},"ast-content-background-meta":{"desktop":{"background-color":"var(--ast-global-color-5)","background-image":"","background-repeat":"repeat","background-position":"center center","background-size":"auto","background-attachment":"scroll","background-type":"","background-media":"","overlay-type":"","overlay-color":"","overlay-opacity":"","overlay-gradient":""},"tablet":{"background-color":"var(--ast-global-color-5)","background-image":"","background-repeat":"repeat","background-position":"center center","background-size":"auto","background-attachment":"scroll","background-type":"","background-media":"","overlay-type":"","overlay-color":"","overlay-opacity":"","overlay-gradient":""},"mobile":{"background-color":"var(--ast-global-color-5)","background-image":"","background-repeat":"repeat","background-position":"center center","background-size":"auto","background-attachment":"scroll","background-type":"","background-media":"","overlay-type":"","overlay-color":"","overlay-opacity":"","overlay-gradient":""}},"footnotes":""},"categories":[534,29],"tags":[],"class_list":["post-12792","post","type-post","status-publish","format-standard","has-post-thumbnail","hentry","category-curriculum","category-portada"],"post_mailing_queue_ids":[],"_links":{"self":[{"href":"https:\/\/serveiseducatius.xtec.cat\/bergueda\/wp-json\/wp\/v2\/posts\/12792","targetHints":{"allow":["GET"]}}],"collection":[{"href":"https:\/\/serveiseducatius.xtec.cat\/bergueda\/wp-json\/wp\/v2\/posts"}],"about":[{"href":"https:\/\/serveiseducatius.xtec.cat\/bergueda\/wp-json\/wp\/v2\/types\/post"}],"author":[{"embeddable":true,"href":"https:\/\/serveiseducatius.xtec.cat\/bergueda\/wp-json\/wp\/v2\/users\/1"}],"replies":[{"embeddable":true,"href":"https:\/\/serveiseducatius.xtec.cat\/bergueda\/wp-json\/wp\/v2\/comments?post=12792"}],"version-history":[{"count":1,"href":"https:\/\/serveiseducatius.xtec.cat\/bergueda\/wp-json\/wp\/v2\/posts\/12792\/revisions"}],"predecessor-version":[{"id":12793,"href":"https:\/\/serveiseducatius.xtec.cat\/bergueda\/wp-json\/wp\/v2\/posts\/12792\/revisions\/12793"}],"wp:featuredmedia":[{"embeddable":true,"href":"https:\/\/serveiseducatius.xtec.cat\/bergueda\/wp-json\/wp\/v2\/media\/12751"}],"wp:attachment":[{"href":"https:\/\/serveiseducatius.xtec.cat\/bergueda\/wp-json\/wp\/v2\/media?parent=12792"}],"wp:term":[{"taxonomy":"category","embeddable":true,"href":"https:\/\/serveiseducatius.xtec.cat\/bergueda\/wp-json\/wp\/v2\/categories?post=12792"},{"taxonomy":"post_tag","embeddable":true,"href":"https:\/\/serveiseducatius.xtec.cat\/bergueda\/wp-json\/wp\/v2\/tags?post=12792"}],"curies":[{"name":"wp","href":"https:\/\/api.w.org\/{rel}","templated":true}]}}