{"id":12401,"date":"2021-01-28T15:52:48","date_gmt":"2021-01-28T14:52:48","guid":{"rendered":"http:\/\/serveiseducatius.xtec.cat\/bergueda\/?p=12401"},"modified":"2021-01-28T15:52:48","modified_gmt":"2021-01-28T14:52:48","slug":"dia-internacional-per-a-lerradicacio-de-la-mutilacio-genital-femenina","status":"publish","type":"post","link":"https:\/\/serveiseducatius.xtec.cat\/bergueda\/portada\/dia-internacional-per-a-lerradicacio-de-la-mutilacio-genital-femenina\/","title":{"rendered":"Dia Internacional per a l&#8217;Erradicaci\u00f3 de la Mutilaci\u00f3 Genital Femenina"},"content":{"rendered":"<p><a href=\"https:\/\/serveiseducatius.xtec.cat\/bergueda\/wp-content\/uploads\/usu878\/2021\/01\/diatoleranciazero.jpg\"><img loading=\"lazy\" decoding=\"async\" class=\"size-full wp-image-12403 aligncenter\" src=\"https:\/\/serveiseducatius.xtec.cat\/bergueda\/wp-content\/uploads\/usu878\/2021\/01\/diatoleranciazero.jpg\" alt=\"\" width=\"500\" height=\"229\" srcset=\"https:\/\/serveiseducatius.xtec.cat\/bergueda\/wp-content\/uploads\/usu878\/2021\/01\/diatoleranciazero.jpg 500w, https:\/\/serveiseducatius.xtec.cat\/bergueda\/wp-content\/uploads\/usu878\/2021\/01\/diatoleranciazero-300x137.jpg 300w\" sizes=\"auto, (max-width: 500px) 100vw, 500px\" \/><\/a><\/p>\n<p>La <strong>Secretaria d&#8217;Igualtat, Migracions i Ciutadania i l&#8217;Ag\u00e8ncia Catalana de Cooperaci\u00f3 al Desenvolupament<\/strong> han organitzat conjuntament una Jornada en el marc de la celebraci\u00f3 el 5 de febrer de 2021 del <strong>Dia Internacional de Toler\u00e0ncia Zero a la Mutilaci\u00f3 Genital Femenina<\/strong>, que t\u00e9 per objectiu <em>reflexionar entorn les actuacions que s&#8217;estan promovent tant a Catalunya com als pa\u00efsos del Sud per eliminar la MGF de la vida de moltes dones i nenes<\/em>, posant \u00e8mfasi en les experi\u00e8ncies transnacionals i comunit\u00e0ries i des de l&#8217;enfocament basat en el g\u00e8nere i els drets humans.<\/p>\n<p>La jornada ser\u00e0 una sessi\u00f3 de treball conjunt per profunditzar i debatre sobre els enfocaments necessaris per l&#8217;abordatge d&#8217;aquesta forma de viol\u00e8ncia contra les dones i nenes.<\/p>\n<p>Comptar\u00e0 amb l&#8217;aportaci\u00f3 de dones que lideren el canvi tant a Catalunya com a l&#8217;\u00c0frica.<\/p>\n<p><a href=\"https:\/\/gencat.us7.list-manage.com\/track\/click?u=e29eb8bd290cb71177731406f&amp;id=7f47537b0b&amp;e=449456bf84\">Inscripci\u00f3<\/a><\/p>\n<p>Despr\u00e9s d&#8217;inscriure&#8217;t, rebreu en la b\u00fastia-e un vincle d&#8217;acc\u00e9s, 24h avant de l&#8217;esdeveniment.<\/p>\n<p>Podeu trobar el programa a trav\u00e9s de la plataforma de reserva, en <strong><a href=\"https:\/\/gencat.us7.list-manage.com\/track\/click?u=e29eb8bd290cb71177731406f&amp;id=8a937dd36f&amp;e=449456bf84\" target=\"_blank\" rel=\"noopener noreferrer\" data-saferedirecturl=\"https:\/\/www.google.com\/url?q=https:\/\/gencat.us7.list-manage.com\/track\/click?u%3De29eb8bd290cb71177731406f%26id%3D8a937dd36f%26e%3D449456bf84&amp;source=gmail&amp;ust=1611910055300000&amp;usg=AFQjCNFV3vQIfvrcI_oN4IbcARMBTtAxqQ\">aquest vincle<\/a><\/strong>.<\/p>\n","protected":false},"excerpt":{"rendered":"<p>5 de febrer de 10 a 13.<br \/>\nLa Secretaria d&#8217;Igualtat, Migracions i Ciutadania i l&#8217;Ag\u00e8ncia Catalana de Cooperaci\u00f3 al Desenvolupament han organitzat conjuntament una Jornada en el marc de la celebraci\u00f3 el 5 de febrer de 2021 del Dia Internacional de Toler\u00e0ncia Zero a la Mutilaci\u00f3 Genital Femenina, que t\u00e9 per objectiu<\/p>\n","protected":false},"author":1,"featured_media":12402,"comment_status":"closed","ping_status":"closed","sticky":false,"template":"","format":"standard","meta":{"_bbp_topic_count":0,"_bbp_reply_count":0,"_bbp_total_topic_count":0,"_bbp_total_reply_count":0,"_bbp_voice_count":0,"_bbp_anonymous_reply_count":0,"_bbp_topic_count_hidden":0,"_bbp_reply_count_hidden":0,"_bbp_forum_subforum_count":0,"site-sidebar-layout":"default","site-content-layout":"","ast-site-content-layout":"","site-content-style":"default","site-sidebar-style":"default","ast-global-header-display":"","ast-banner-title-visibility":"","ast-main-header-display":"","ast-hfb-above-header-display":"","ast-hfb-below-header-display":"","ast-hfb-mobile-header-display":"","site-post-title":"","ast-breadcrumbs-content":"","ast-featured-img":"","footer-sml-layout":"","theme-transparent-header-meta":"","adv-header-id-meta":"","stick-header-meta":"","header-above-stick-meta":"","header-main-stick-meta":"","header-below-stick-meta":"","astra-migrate-meta-layouts":"default","ast-page-background-enabled":"default","ast-page-background-meta":{"desktop":{"background-color":"var(--ast-global-color-4)","background-image":"","background-repeat":"repeat","background-position":"center center","background-size":"auto","background-attachment":"scroll","background-type":"","background-media":"","overlay-type":"","overlay-color":"","overlay-opacity":"","overlay-gradient":""},"tablet":{"background-color":"","background-image":"","background-repeat":"repeat","background-position":"center center","background-size":"auto","background-attachment":"scroll","background-type":"","background-media":"","overlay-type":"","overlay-color":"","overlay-opacity":"","overlay-gradient":""},"mobile":{"background-color":"","background-image":"","background-repeat":"repeat","background-position":"center center","background-size":"auto","background-attachment":"scroll","background-type":"","background-media":"","overlay-type":"","overlay-color":"","overlay-opacity":"","overlay-gradient":""}},"ast-content-background-meta":{"desktop":{"background-color":"var(--ast-global-color-5)","background-image":"","background-repeat":"repeat","background-position":"center center","background-size":"auto","background-attachment":"scroll","background-type":"","background-media":"","overlay-type":"","overlay-color":"","overlay-opacity":"","overlay-gradient":""},"tablet":{"background-color":"var(--ast-global-color-5)","background-image":"","background-repeat":"repeat","background-position":"center center","background-size":"auto","background-attachment":"scroll","background-type":"","background-media":"","overlay-type":"","overlay-color":"","overlay-opacity":"","overlay-gradient":""},"mobile":{"background-color":"var(--ast-global-color-5)","background-image":"","background-repeat":"repeat","background-position":"center center","background-size":"auto","background-attachment":"scroll","background-type":"","background-media":"","overlay-type":"","overlay-color":"","overlay-opacity":"","overlay-gradient":""}},"footnotes":""},"categories":[29],"tags":[405],"class_list":["post-12401","post","type-post","status-publish","format-standard","has-post-thumbnail","hentry","category-portada","tag-jornada"],"post_mailing_queue_ids":[],"_links":{"self":[{"href":"https:\/\/serveiseducatius.xtec.cat\/bergueda\/wp-json\/wp\/v2\/posts\/12401","targetHints":{"allow":["GET"]}}],"collection":[{"href":"https:\/\/serveiseducatius.xtec.cat\/bergueda\/wp-json\/wp\/v2\/posts"}],"about":[{"href":"https:\/\/serveiseducatius.xtec.cat\/bergueda\/wp-json\/wp\/v2\/types\/post"}],"author":[{"embeddable":true,"href":"https:\/\/serveiseducatius.xtec.cat\/bergueda\/wp-json\/wp\/v2\/users\/1"}],"replies":[{"embeddable":true,"href":"https:\/\/serveiseducatius.xtec.cat\/bergueda\/wp-json\/wp\/v2\/comments?post=12401"}],"version-history":[{"count":1,"href":"https:\/\/serveiseducatius.xtec.cat\/bergueda\/wp-json\/wp\/v2\/posts\/12401\/revisions"}],"predecessor-version":[{"id":12404,"href":"https:\/\/serveiseducatius.xtec.cat\/bergueda\/wp-json\/wp\/v2\/posts\/12401\/revisions\/12404"}],"wp:featuredmedia":[{"embeddable":true,"href":"https:\/\/serveiseducatius.xtec.cat\/bergueda\/wp-json\/wp\/v2\/media\/12402"}],"wp:attachment":[{"href":"https:\/\/serveiseducatius.xtec.cat\/bergueda\/wp-json\/wp\/v2\/media?parent=12401"}],"wp:term":[{"taxonomy":"category","embeddable":true,"href":"https:\/\/serveiseducatius.xtec.cat\/bergueda\/wp-json\/wp\/v2\/categories?post=12401"},{"taxonomy":"post_tag","embeddable":true,"href":"https:\/\/serveiseducatius.xtec.cat\/bergueda\/wp-json\/wp\/v2\/tags?post=12401"}],"curies":[{"name":"wp","href":"https:\/\/api.w.org\/{rel}","templated":true}]}}