{"id":12315,"date":"2021-01-11T08:49:55","date_gmt":"2021-01-11T07:49:55","guid":{"rendered":"http:\/\/serveiseducatius.xtec.cat\/bergueda\/?p=12315"},"modified":"2021-01-19T18:40:15","modified_gmt":"2021-01-19T17:40:15","slug":"2n-torn-pla-de-formacio","status":"publish","type":"post","link":"https:\/\/serveiseducatius.xtec.cat\/bergueda\/portada\/2n-torn-pla-de-formacio\/","title":{"rendered":"2n torn Pla de Formaci\u00f3"},"content":{"rendered":"<p>.<\/p>\n<p><a href=\"https:\/\/serveiseducatius.xtec.cat\/bergueda\/wp-content\/uploads\/usu878\/2021\/01\/oferta-formativa-e1610351170923.jpg\"><img loading=\"lazy\" decoding=\"async\" class=\"alignnone size-full wp-image-12316\" src=\"https:\/\/serveiseducatius.xtec.cat\/bergueda\/wp-content\/uploads\/usu878\/2021\/01\/oferta-formativa-e1610351170923.jpg\" alt=\"\" width=\"400\" height=\"233\" \/><\/a><br \/>\nOberta la inscripci\u00f3 al 2n torn del Pla de <span class=\"il\">Formaci\u00f3<\/span>.<br \/>\nAl Bergued\u00e0 oferim un taller de 6 hores (25 de febrer, 4 de mar\u00e7 i 8 de mar\u00e7) per secund\u00e0ria<br \/>\nB03108B03\u00a0<a href=\"https:\/\/aplicacions.gestioeducativa.gencat.cat\/pls\/soloas\/pk_for_mod_ins.p_for_detall_activitat?p_header=Llista%20d%27activitats%5Epk_for_mod_ins.p_for_cons_activitats?p_crp=B03%26p_any=2020-2021%26p_totes=S%26p_inici=1%26p_excloure_crp_rec=T&amp;p_codi=B031081B03&amp;p_curs=2020-2021&amp;p_excloure_crp_rec=T\" target=\"_blank\" rel=\"noopener noreferrer\" data-saferedirecturl=\"https:\/\/www.google.com\/url?q=https:\/\/aplicacions.gestioeducativa.gencat.cat\/pls\/soloas\/pk_for_mod_ins.p_for_detall_activitat?p_header%3DLlista%2520d%2527activitats%255Epk_for_mod_ins.p_for_cons_activitats?p_crp%3DB03%2526p_any%3D2020-2021%2526p_totes%3DS%2526p_inici%3D1%2526p_excloure_crp_rec%3DT%26p_codi%3DB031081B03%26p_curs%3D2020-2021%26p_excloure_crp_rec%3DT&amp;source=gmail&amp;ust=1610437315599000&amp;usg=AFQjCNEtaqJmtrXPfudKvS4jtWq87cl_9w\">Cercles de di\u00e0leg per a la conviv\u00e8ncia a l&#8217;aula<\/a><br \/>\nL&#8217;activitat pret\u00e9n donar eines per gestionar conflictes als centres educatius amb un enfocament restauratiu.<\/p>\n<p>Us animem a participar-hi.<\/p>\n<p>Dins el Pla d&#8217;Educaci\u00f3 Digital de Catalunya properament oferirem noves formacions. En el primer trimestre hi ha hagut una alt\u00edssima participaci\u00f3 en la\u00a0<span class=\"il\">formaci\u00f3<\/span> proposada i molt bona resposta. A partir de les valoracions i demandes rebudes estem dissenyant la nova proposta. Properament en farem difusi\u00f3 per comen\u00e7ar les formacions a partir del mes de mar\u00e7.<\/p>\n<p>Tamb\u00e9 podeu consultar l&#8217;<a href=\"https:\/\/serveiseducatius.xtec.cat\/bergueda\/formacio\/oferta-dactivitats-al-serveis-territorials-a-la-catalunya-central\/\" target=\"_blank\" rel=\"noopener noreferrer\" data-saferedirecturl=\"https:\/\/www.google.com\/url?q=https:\/\/serveiseducatius.xtec.cat\/bergueda\/formacio\/oferta-dactivitats-al-serveis-territorials-a-la-catalunya-central\/&amp;source=gmail&amp;ust=1610437315599000&amp;usg=AFQjCNHz1QAXMohkQs8k4I7SrjcOVo3jsw\">oferta del Servei Territorial<\/a>, formacions del\u00a0<a href=\"https:\/\/serveiseducatius.xtec.cat\/bergueda\/portada\/formacions-cesire-informacio-ambit-linguistic-i-infantil\/\" target=\"_blank\" rel=\"noopener noreferrer\" data-saferedirecturl=\"https:\/\/www.google.com\/url?q=https:\/\/serveiseducatius.xtec.cat\/bergueda\/portada\/formacions-cesire-informacio-ambit-linguistic-i-infantil\/&amp;source=gmail&amp;ust=1610437315599000&amp;usg=AFQjCNG7kF28V4wKZT5HqSr2U7zea1GI9w\">CESIRE \u00e0mbit ling\u00fc\u00edstic i infantil<\/a>,\u00a0<a href=\"https:\/\/serveiseducatius.xtec.cat\/bergueda\/portada\/formacio-en-linia\/\" target=\"_blank\" rel=\"noopener noreferrer\" data-saferedirecturl=\"https:\/\/www.google.com\/url?q=https:\/\/serveiseducatius.xtec.cat\/bergueda\/portada\/formacio-en-linia\/&amp;source=gmail&amp;ust=1610437315599000&amp;usg=AFQjCNG7abJp__ow7nR18xmbayIlMdoF4A\"><span class=\"il\">formaci\u00f3<\/span>\u00a0en l\u00ednea del Departament<\/a>,\u00a0<span class=\"il\">formaci\u00f3<\/span>\u00a0a\u00a0<a href=\"http:\/\/xtec.gencat.cat\/ca\/formacio\/\" target=\"_blank\" rel=\"noopener noreferrer\" data-saferedirecturl=\"https:\/\/www.google.com\/url?q=http:\/\/xtec.gencat.cat\/ca\/formacio\/&amp;source=gmail&amp;ust=1610437315599000&amp;usg=AFQjCNFHFQDiZjigg21Vm-7fJob7f99dMw\">XTEC<\/a><\/p>\n","protected":false},"excerpt":{"rendered":"<p>Oberta la inscripci\u00f3 fins el dia 19 de gener<\/p>\n","protected":false},"author":1,"featured_media":12316,"comment_status":"closed","ping_status":"closed","sticky":false,"template":"","format":"standard","meta":{"_bbp_topic_count":0,"_bbp_reply_count":0,"_bbp_total_topic_count":0,"_bbp_total_reply_count":0,"_bbp_voice_count":0,"_bbp_anonymous_reply_count":0,"_bbp_topic_count_hidden":0,"_bbp_reply_count_hidden":0,"_bbp_forum_subforum_count":0,"site-sidebar-layout":"default","site-content-layout":"","ast-site-content-layout":"","site-content-style":"default","site-sidebar-style":"default","ast-global-header-display":"","ast-banner-title-visibility":"","ast-main-header-display":"","ast-hfb-above-header-display":"","ast-hfb-below-header-display":"","ast-hfb-mobile-header-display":"","site-post-title":"","ast-breadcrumbs-content":"","ast-featured-img":"","footer-sml-layout":"","theme-transparent-header-meta":"","adv-header-id-meta":"","stick-header-meta":"","header-above-stick-meta":"","header-main-stick-meta":"","header-below-stick-meta":"","astra-migrate-meta-layouts":"default","ast-page-background-enabled":"default","ast-page-background-meta":{"desktop":{"background-color":"var(--ast-global-color-4)","background-image":"","background-repeat":"repeat","background-position":"center center","background-size":"auto","background-attachment":"scroll","background-type":"","background-media":"","overlay-type":"","overlay-color":"","overlay-opacity":"","overlay-gradient":""},"tablet":{"background-color":"","background-image":"","background-repeat":"repeat","background-position":"center center","background-size":"auto","background-attachment":"scroll","background-type":"","background-media":"","overlay-type":"","overlay-color":"","overlay-opacity":"","overlay-gradient":""},"mobile":{"background-color":"","background-image":"","background-repeat":"repeat","background-position":"center center","background-size":"auto","background-attachment":"scroll","background-type":"","background-media":"","overlay-type":"","overlay-color":"","overlay-opacity":"","overlay-gradient":""}},"ast-content-background-meta":{"desktop":{"background-color":"var(--ast-global-color-5)","background-image":"","background-repeat":"repeat","background-position":"center center","background-size":"auto","background-attachment":"scroll","background-type":"","background-media":"","overlay-type":"","overlay-color":"","overlay-opacity":"","overlay-gradient":""},"tablet":{"background-color":"var(--ast-global-color-5)","background-image":"","background-repeat":"repeat","background-position":"center center","background-size":"auto","background-attachment":"scroll","background-type":"","background-media":"","overlay-type":"","overlay-color":"","overlay-opacity":"","overlay-gradient":""},"mobile":{"background-color":"var(--ast-global-color-5)","background-image":"","background-repeat":"repeat","background-position":"center center","background-size":"auto","background-attachment":"scroll","background-type":"","background-media":"","overlay-type":"","overlay-color":"","overlay-opacity":"","overlay-gradient":""}},"footnotes":""},"categories":[29],"tags":[226],"class_list":["post-12315","post","type-post","status-publish","format-standard","has-post-thumbnail","hentry","category-portada","tag-formacio"],"post_mailing_queue_ids":[],"_links":{"self":[{"href":"https:\/\/serveiseducatius.xtec.cat\/bergueda\/wp-json\/wp\/v2\/posts\/12315","targetHints":{"allow":["GET"]}}],"collection":[{"href":"https:\/\/serveiseducatius.xtec.cat\/bergueda\/wp-json\/wp\/v2\/posts"}],"about":[{"href":"https:\/\/serveiseducatius.xtec.cat\/bergueda\/wp-json\/wp\/v2\/types\/post"}],"author":[{"embeddable":true,"href":"https:\/\/serveiseducatius.xtec.cat\/bergueda\/wp-json\/wp\/v2\/users\/1"}],"replies":[{"embeddable":true,"href":"https:\/\/serveiseducatius.xtec.cat\/bergueda\/wp-json\/wp\/v2\/comments?post=12315"}],"version-history":[{"count":1,"href":"https:\/\/serveiseducatius.xtec.cat\/bergueda\/wp-json\/wp\/v2\/posts\/12315\/revisions"}],"predecessor-version":[{"id":12317,"href":"https:\/\/serveiseducatius.xtec.cat\/bergueda\/wp-json\/wp\/v2\/posts\/12315\/revisions\/12317"}],"wp:featuredmedia":[{"embeddable":true,"href":"https:\/\/serveiseducatius.xtec.cat\/bergueda\/wp-json\/wp\/v2\/media\/12316"}],"wp:attachment":[{"href":"https:\/\/serveiseducatius.xtec.cat\/bergueda\/wp-json\/wp\/v2\/media?parent=12315"}],"wp:term":[{"taxonomy":"category","embeddable":true,"href":"https:\/\/serveiseducatius.xtec.cat\/bergueda\/wp-json\/wp\/v2\/categories?post=12315"},{"taxonomy":"post_tag","embeddable":true,"href":"https:\/\/serveiseducatius.xtec.cat\/bergueda\/wp-json\/wp\/v2\/tags?post=12315"}],"curies":[{"name":"wp","href":"https:\/\/api.w.org\/{rel}","templated":true}]}}