{"id":11216,"date":"2020-02-03T11:37:31","date_gmt":"2020-02-03T10:37:31","guid":{"rendered":"http:\/\/serveiseducatius.xtec.cat\/bergueda\/?p=11216"},"modified":"2020-02-03T11:53:53","modified_gmt":"2020-02-03T10:53:53","slug":"xiv-jornades-de-didactica-de-les-llengues-classiques-baetulo-una-realitat-ben-viva-al-segle-xxi","status":"publish","type":"post","link":"https:\/\/serveiseducatius.xtec.cat\/bergueda\/portada\/xiv-jornades-de-didactica-de-les-llengues-classiques-baetulo-una-realitat-ben-viva-al-segle-xxi\/","title":{"rendered":"XIV jornades de did\u00e0ctica de les lleng\u00fces cl\u00e0ssiques: Baetulo, una realitat ben viva al segle XXI"},"content":{"rendered":"<p><a href=\"https:\/\/serveiseducatius.xtec.cat\/bergueda\/wp-content\/uploads\/usu878\/2020\/02\/baetulo.jpg\"><img loading=\"lazy\" decoding=\"async\" class=\"size-full wp-image-11219 aligncenter\" src=\"https:\/\/serveiseducatius.xtec.cat\/bergueda\/wp-content\/uploads\/usu878\/2020\/02\/baetulo.jpg\" alt=\"\" width=\"752\" height=\"212\" srcset=\"https:\/\/serveiseducatius.xtec.cat\/bergueda\/wp-content\/uploads\/usu878\/2020\/02\/baetulo.jpg 752w, https:\/\/serveiseducatius.xtec.cat\/bergueda\/wp-content\/uploads\/usu878\/2020\/02\/baetulo-300x85.jpg 300w\" sizes=\"auto, (max-width: 752px) 100vw, 752px\" \/><\/a><\/p>\n<p>S\u2019ha obert la inscripci\u00f3 a les <strong><em>XIV jornades de did\u00e0ctica de les lleng\u00fces cl\u00e0ssiques<\/em><\/strong>.<\/p>\n<p>Les jornades, que\u00a0volen ser un espai de trobada del professorat de cl\u00e0ssiques i una ocasi\u00f3 d\u2019intercanvi de projectes i de bones experi\u00e8ncies d\u2019aula al voltant de l\u2019ensenyament de la cultura cl\u00e0ssica, abordaran enguany la reconstrucci\u00f3 hist\u00f2rica i la situaci\u00f3 del patrimoni arqueol\u00f2gic de Badalona, sota el t\u00edtol\u00a0<em><strong>Baetulo<\/strong><\/em><strong>, una realitat ben viva al segle XXI<\/strong>.<strong>\u00a0<\/strong><\/p>\n<p>Es duran a terme els propers <strong>dies 13 i 14 de mar\u00e7.<\/strong><\/p>\n<p>Per a m\u00e9s informaci\u00f3 i inscripcions, punxeu\u00a0<strong><a href=\"https:\/\/www.cdl.cat\/cursos-i-activitats?of=1066\" data-saferedirecturl=\"https:\/\/www.google.com\/url?q=https:\/\/www.cdl.cat\/cursos-i-activitats?of%3D1066&amp;source=gmail&amp;ust=1580375935395000&amp;usg=AFQjCNG1l-YkKdfhg0-90zrf-Hb6Y7nDDw\">aquest enlla\u00e7<\/a><\/strong>.<\/p>\n","protected":false},"excerpt":{"rendered":"<p>S\u2019ha obert la inscripci\u00f3 a les XIV jornades de did\u00e0ctica de les lleng\u00fces cl\u00e0ssiques. Les jornades, que\u00a0volen ser un espai [&hellip;]<\/p>\n","protected":false},"author":1,"featured_media":11220,"comment_status":"closed","ping_status":"closed","sticky":false,"template":"","format":"standard","meta":{"_bbp_topic_count":0,"_bbp_reply_count":0,"_bbp_total_topic_count":0,"_bbp_total_reply_count":0,"_bbp_voice_count":0,"_bbp_anonymous_reply_count":0,"_bbp_topic_count_hidden":0,"_bbp_reply_count_hidden":0,"_bbp_forum_subforum_count":0,"site-sidebar-layout":"default","site-content-layout":"","ast-site-content-layout":"","site-content-style":"default","site-sidebar-style":"default","ast-global-header-display":"","ast-banner-title-visibility":"","ast-main-header-display":"","ast-hfb-above-header-display":"","ast-hfb-below-header-display":"","ast-hfb-mobile-header-display":"","site-post-title":"","ast-breadcrumbs-content":"","ast-featured-img":"","footer-sml-layout":"","theme-transparent-header-meta":"","adv-header-id-meta":"","stick-header-meta":"","header-above-stick-meta":"","header-main-stick-meta":"","header-below-stick-meta":"","astra-migrate-meta-layouts":"default","ast-page-background-enabled":"default","ast-page-background-meta":{"desktop":{"background-color":"var(--ast-global-color-4)","background-image":"","background-repeat":"repeat","background-position":"center center","background-size":"auto","background-attachment":"scroll","background-type":"","background-media":"","overlay-type":"","overlay-color":"","overlay-opacity":"","overlay-gradient":""},"tablet":{"background-color":"","background-image":"","background-repeat":"repeat","background-position":"center center","background-size":"auto","background-attachment":"scroll","background-type":"","background-media":"","overlay-type":"","overlay-color":"","overlay-opacity":"","overlay-gradient":""},"mobile":{"background-color":"","background-image":"","background-repeat":"repeat","background-position":"center center","background-size":"auto","background-attachment":"scroll","background-type":"","background-media":"","overlay-type":"","overlay-color":"","overlay-opacity":"","overlay-gradient":""}},"ast-content-background-meta":{"desktop":{"background-color":"var(--ast-global-color-5)","background-image":"","background-repeat":"repeat","background-position":"center center","background-size":"auto","background-attachment":"scroll","background-type":"","background-media":"","overlay-type":"","overlay-color":"","overlay-opacity":"","overlay-gradient":""},"tablet":{"background-color":"var(--ast-global-color-5)","background-image":"","background-repeat":"repeat","background-position":"center center","background-size":"auto","background-attachment":"scroll","background-type":"","background-media":"","overlay-type":"","overlay-color":"","overlay-opacity":"","overlay-gradient":""},"mobile":{"background-color":"var(--ast-global-color-5)","background-image":"","background-repeat":"repeat","background-position":"center center","background-size":"auto","background-attachment":"scroll","background-type":"","background-media":"","overlay-type":"","overlay-color":"","overlay-opacity":"","overlay-gradient":""}},"footnotes":""},"categories":[29],"tags":[],"class_list":["post-11216","post","type-post","status-publish","format-standard","has-post-thumbnail","hentry","category-portada"],"post_mailing_queue_ids":[],"_links":{"self":[{"href":"https:\/\/serveiseducatius.xtec.cat\/bergueda\/wp-json\/wp\/v2\/posts\/11216","targetHints":{"allow":["GET"]}}],"collection":[{"href":"https:\/\/serveiseducatius.xtec.cat\/bergueda\/wp-json\/wp\/v2\/posts"}],"about":[{"href":"https:\/\/serveiseducatius.xtec.cat\/bergueda\/wp-json\/wp\/v2\/types\/post"}],"author":[{"embeddable":true,"href":"https:\/\/serveiseducatius.xtec.cat\/bergueda\/wp-json\/wp\/v2\/users\/1"}],"replies":[{"embeddable":true,"href":"https:\/\/serveiseducatius.xtec.cat\/bergueda\/wp-json\/wp\/v2\/comments?post=11216"}],"version-history":[{"count":2,"href":"https:\/\/serveiseducatius.xtec.cat\/bergueda\/wp-json\/wp\/v2\/posts\/11216\/revisions"}],"predecessor-version":[{"id":11221,"href":"https:\/\/serveiseducatius.xtec.cat\/bergueda\/wp-json\/wp\/v2\/posts\/11216\/revisions\/11221"}],"wp:featuredmedia":[{"embeddable":true,"href":"https:\/\/serveiseducatius.xtec.cat\/bergueda\/wp-json\/wp\/v2\/media\/11220"}],"wp:attachment":[{"href":"https:\/\/serveiseducatius.xtec.cat\/bergueda\/wp-json\/wp\/v2\/media?parent=11216"}],"wp:term":[{"taxonomy":"category","embeddable":true,"href":"https:\/\/serveiseducatius.xtec.cat\/bergueda\/wp-json\/wp\/v2\/categories?post=11216"},{"taxonomy":"post_tag","embeddable":true,"href":"https:\/\/serveiseducatius.xtec.cat\/bergueda\/wp-json\/wp\/v2\/tags?post=11216"}],"curies":[{"name":"wp","href":"https:\/\/api.w.org\/{rel}","templated":true}]}}