{"id":11139,"date":"2019-12-19T13:56:08","date_gmt":"2019-12-19T12:56:08","guid":{"rendered":"http:\/\/serveiseducatius.xtec.cat\/bergueda\/?p=11139"},"modified":"2020-02-26T15:41:39","modified_gmt":"2020-02-26T14:41:39","slug":"5a-edicio-de-la-robocat","status":"publish","type":"post","link":"https:\/\/serveiseducatius.xtec.cat\/bergueda\/portada\/5a-edicio-de-la-robocat\/","title":{"rendered":"5a\u00a0edici\u00f3 de la\u00a0RoboCAT"},"content":{"rendered":"<div><a href=\"https:\/\/serveiseducatius.xtec.cat\/bergueda\/wp-content\/uploads\/usu878\/2019\/12\/unnamed-2.png\"><img loading=\"lazy\" decoding=\"async\" class=\"size-full wp-image-11140 aligncenter\" src=\"https:\/\/serveiseducatius.xtec.cat\/bergueda\/wp-content\/uploads\/usu878\/2019\/12\/unnamed-2.png\" alt=\"\" width=\"690\" height=\"248\" \/><\/a><\/div>\n<p style=\"text-align: justify;\">Estan obertes les inscripcions per a participar en la <strong>5a edici\u00f3 de la RoboCAT<\/strong>, que s&#8217;ambienta en els <i>Bastaixos<\/i>.<\/p>\n<p style=\"text-align: justify;\">El per\u00edode d&#8217;inscripcions finalitzar\u00e0 el\u00a0<b>dijous 20 de febrer de 2020 a les 22 hores<\/b>.<\/p>\n<p style=\"text-align: justify;\"><b>Els equips que realitzin la seva inscripci\u00f3 abans del dissabte 1 de febrer de 2020, participaran en un sorteig per tal de poder assistir a la fase internacional de la RoboCAT a Su\u00efssa.\u00a0<\/b><\/p>\n<p style=\"text-align: justify;\"><span style=\"font-family: inherit; font-size: 1em;\">La RoboCAT 2020 comptar\u00e0 amb <\/span><b style=\"font-family: inherit; font-size: 1em;\">tres fases territorials, una fase internacional i una Gran Final<\/b><span style=\"font-family: inherit; font-size: 1em;\">, en la qu\u00e8 hi participaran els equips millor classificats.<\/span><\/p>\n<div>\n<div>\n<div><\/div>\n<\/div>\n<div><strong><u>1. Fases territorials<\/u><\/strong><\/div>\n<div><\/div>\n<div>\n<p>&#8211;\u00a0RoboCAT\u00a0Barcelona: dissabte 18 d&#8217;abril de\u00a02020\u00a0a l&#8217;Escola St. Peter&#8217;s (Carrer d&#8217;Eduard Toldr\u00e0, 18, 08034 Barcelona). Coorganitza\u00a0<a href=\"http:\/\/singularityfoundation.es\/\" target=\"_blank\" rel=\"noopener noreferrer\" data-saferedirecturl=\"https:\/\/www.google.com\/url?q=http:\/\/singularityfoundation.es\/&amp;source=gmail&amp;ust=1576846224238000&amp;usg=AFQjCNEd4rF4_NLTNUJ_z6yuPaiKhzAojA\">Singularity Foundation<\/a>\u00a0i l&#8217;<a href=\"http:\/\/www.stpeters.es\/ca\" target=\"_blank\" rel=\"noopener noreferrer\" data-saferedirecturl=\"https:\/\/www.google.com\/url?q=http:\/\/www.stpeters.es\/ca&amp;source=gmail&amp;ust=1576846224238000&amp;usg=AFQjCNHXYymcCYu5H4idL2L3yOtu6TW_Jg\">Escola St. Peter&#8217;s<\/a>.<\/p>\n<p>&#8211;\u00a0RoboCAT\u00a0Catalunya Central: diumenge 26 d&#8217;abril de\u00a02020\u00a0al Pavell\u00f3 Municipal de Baleny\u00e0 (C. Sant Miquel, 22, 08550 Baleny\u00e0). Coorganitza\u00a0<a href=\"http:\/\/www.aprentik.com\/\" target=\"_blank\" rel=\"noopener noreferrer\" data-saferedirecturl=\"https:\/\/www.google.com\/url?q=http:\/\/www.aprentik.com\/&amp;source=gmail&amp;ust=1576846224238000&amp;usg=AFQjCNEuOC_tzMtdLh7pqtksuHhoFuOSKw\">Aprentik<\/a>.<\/p>\n<p>&#8211;\u00a0RoboCAT\u00a0Girona: dissabte 9 de maig de\u00a02020\u00a0a l&#8217;Institut de Vidreres (Carrer de l&#8217;Institut, s\/n, 17411 Vidreres, Girona). Coorganiza l&#8217;<a href=\"https:\/\/agora.xtec.cat\/ies-vidreres\/\" target=\"_blank\" rel=\"noopener noreferrer\" data-saferedirecturl=\"https:\/\/www.google.com\/url?q=https:\/\/agora.xtec.cat\/ies-vidreres\/&amp;source=gmail&amp;ust=1576846224238000&amp;usg=AFQjCNF1-vPzkuq1e8GxbevPwG8FxLNu6w\">Institut de Vidreres<\/a>.<\/p>\n<div><\/div>\n<\/div>\n<div><\/div>\n<div><strong><u>2. Fase internacional<\/u><\/strong><\/div>\n<div><\/div>\n<p>&#8211; RoboCAT Ginebra (Su\u00efssa): dimecres 29 d&#8217;abril de 2020 a la Delegaci\u00f3 del Govern de la Generalitat de Catalunya a Su\u00efssa (Carrer Rousseau, 38, 1201 Ginebra). Coorganitza <a style=\"font-family: inherit; font-size: 1em;\" href=\"http:\/\/exteriors.gencat.cat\/ca\/ambits-dactuacio\/afers_exteriors\/delegacions_govern\/suissa\/\" target=\"_blank\" rel=\"noopener noreferrer\" data-saferedirecturl=\"https:\/\/www.google.com\/url?q=http:\/\/exteriors.gencat.cat\/ca\/ambits-dactuacio\/afers_exteriors\/delegacions_govern\/suissa\/&amp;source=gmail&amp;ust=1576846224238000&amp;usg=AFQjCNEy6A3gw-m7A3gsliPs_9JERfu4vQ\">Delegaci\u00f3 del Govern a Su\u00efssa<\/a><span style=\"font-family: inherit; font-size: 1em;\">.<\/span><\/p>\n<\/div>\n<div>\n<div><\/div>\n<div><\/div>\n<p><strong><u>3. Gran Final<\/u>:<\/strong>\u00a0dissabte 16 de maig de\u00a02020\u00a0a l&#8217;Escola Els Estanys de Platja d&#8217;Aro (Carrer de Josep Maria Vila, 17250 Platja d&#8217;Aro, Girona). Coorganitza l&#8217;<a href=\"https:\/\/agora.xtec.cat\/escola-elsestanys\/\" target=\"_blank\" rel=\"noopener noreferrer\" data-saferedirecturl=\"https:\/\/www.google.com\/url?q=https:\/\/agora.xtec.cat\/escola-elsestanys\/&amp;source=gmail&amp;ust=1576846224238000&amp;usg=AFQjCNFEmYoJ80J5ko1O-Okv6DdQmFbI9A\">Escola Els Estanys<\/a>.<\/p>\n<\/div>\n<div>\n<p>&nbsp;<\/p>\n<p style=\"text-align: justify;\">Trobareu tota la informaci\u00f3 a la p\u00e0gina web\u00a0<a href=\"http:\/\/robocat.cat\/\" target=\"_blank\" rel=\"noopener noreferrer\" data-saferedirecturl=\"https:\/\/www.google.com\/url?q=http:\/\/robocat.cat\/&amp;source=gmail&amp;ust=1576846224238000&amp;usg=AFQjCNENprnDLXMCFFbOnqW--pANNL1AtQ\">robocat.cat<\/a>\u00a0i en els quatre document adjunts a la missiva (bases, normativa, muntatge del taulell de joc i pl\u00e0nols).<\/p>\n<p style=\"text-align: justify;\"><span style=\"font-family: inherit; font-size: 1em;\">T&#8217;animem a participar i a fer difusi\u00f3 del projecte RoboCAT, el primer campionat de rob\u00f2tica lliure, a l&#8217;abast de tots i totes, i que ens ajuda a con\u00e8ixer el nostre entorn.<\/span><\/p>\n<\/div>\n","protected":false},"excerpt":{"rendered":"<p>Estan obertes les inscripcions per a participar en la 5a edici\u00f3 de la RoboCAT, que s&#8217;ambienta en els Bastaixos. El [&hellip;]<\/p>\n","protected":false},"author":36,"featured_media":11140,"comment_status":"closed","ping_status":"closed","sticky":false,"template":"","format":"standard","meta":{"_bbp_topic_count":0,"_bbp_reply_count":0,"_bbp_total_topic_count":0,"_bbp_total_reply_count":0,"_bbp_voice_count":0,"_bbp_anonymous_reply_count":0,"_bbp_topic_count_hidden":0,"_bbp_reply_count_hidden":0,"_bbp_forum_subforum_count":0,"site-sidebar-layout":"default","site-content-layout":"","ast-site-content-layout":"","site-content-style":"default","site-sidebar-style":"default","ast-global-header-display":"","ast-banner-title-visibility":"","ast-main-header-display":"","ast-hfb-above-header-display":"","ast-hfb-below-header-display":"","ast-hfb-mobile-header-display":"","site-post-title":"","ast-breadcrumbs-content":"","ast-featured-img":"","footer-sml-layout":"","theme-transparent-header-meta":"","adv-header-id-meta":"","stick-header-meta":"","header-above-stick-meta":"","header-main-stick-meta":"","header-below-stick-meta":"","astra-migrate-meta-layouts":"default","ast-page-background-enabled":"default","ast-page-background-meta":{"desktop":{"background-color":"var(--ast-global-color-4)","background-image":"","background-repeat":"repeat","background-position":"center center","background-size":"auto","background-attachment":"scroll","background-type":"","background-media":"","overlay-type":"","overlay-color":"","overlay-opacity":"","overlay-gradient":""},"tablet":{"background-color":"","background-image":"","background-repeat":"repeat","background-position":"center center","background-size":"auto","background-attachment":"scroll","background-type":"","background-media":"","overlay-type":"","overlay-color":"","overlay-opacity":"","overlay-gradient":""},"mobile":{"background-color":"","background-image":"","background-repeat":"repeat","background-position":"center center","background-size":"auto","background-attachment":"scroll","background-type":"","background-media":"","overlay-type":"","overlay-color":"","overlay-opacity":"","overlay-gradient":""}},"ast-content-background-meta":{"desktop":{"background-color":"var(--ast-global-color-5)","background-image":"","background-repeat":"repeat","background-position":"center center","background-size":"auto","background-attachment":"scroll","background-type":"","background-media":"","overlay-type":"","overlay-color":"","overlay-opacity":"","overlay-gradient":""},"tablet":{"background-color":"var(--ast-global-color-5)","background-image":"","background-repeat":"repeat","background-position":"center center","background-size":"auto","background-attachment":"scroll","background-type":"","background-media":"","overlay-type":"","overlay-color":"","overlay-opacity":"","overlay-gradient":""},"mobile":{"background-color":"var(--ast-global-color-5)","background-image":"","background-repeat":"repeat","background-position":"center center","background-size":"auto","background-attachment":"scroll","background-type":"","background-media":"","overlay-type":"","overlay-color":"","overlay-opacity":"","overlay-gradient":""}},"footnotes":""},"categories":[423,29,78],"tags":[],"class_list":["post-11139","post","type-post","status-publish","format-standard","has-post-thumbnail","hentry","category-concursos-premis-alumnat","category-portada","category-tac"],"post_mailing_queue_ids":[],"_links":{"self":[{"href":"https:\/\/serveiseducatius.xtec.cat\/bergueda\/wp-json\/wp\/v2\/posts\/11139","targetHints":{"allow":["GET"]}}],"collection":[{"href":"https:\/\/serveiseducatius.xtec.cat\/bergueda\/wp-json\/wp\/v2\/posts"}],"about":[{"href":"https:\/\/serveiseducatius.xtec.cat\/bergueda\/wp-json\/wp\/v2\/types\/post"}],"author":[{"embeddable":true,"href":"https:\/\/serveiseducatius.xtec.cat\/bergueda\/wp-json\/wp\/v2\/users\/36"}],"replies":[{"embeddable":true,"href":"https:\/\/serveiseducatius.xtec.cat\/bergueda\/wp-json\/wp\/v2\/comments?post=11139"}],"version-history":[{"count":3,"href":"https:\/\/serveiseducatius.xtec.cat\/bergueda\/wp-json\/wp\/v2\/posts\/11139\/revisions"}],"predecessor-version":[{"id":11151,"href":"https:\/\/serveiseducatius.xtec.cat\/bergueda\/wp-json\/wp\/v2\/posts\/11139\/revisions\/11151"}],"wp:featuredmedia":[{"embeddable":true,"href":"https:\/\/serveiseducatius.xtec.cat\/bergueda\/wp-json\/wp\/v2\/media\/11140"}],"wp:attachment":[{"href":"https:\/\/serveiseducatius.xtec.cat\/bergueda\/wp-json\/wp\/v2\/media?parent=11139"}],"wp:term":[{"taxonomy":"category","embeddable":true,"href":"https:\/\/serveiseducatius.xtec.cat\/bergueda\/wp-json\/wp\/v2\/categories?post=11139"},{"taxonomy":"post_tag","embeddable":true,"href":"https:\/\/serveiseducatius.xtec.cat\/bergueda\/wp-json\/wp\/v2\/tags?post=11139"}],"curies":[{"name":"wp","href":"https:\/\/api.w.org\/{rel}","templated":true}]}}