{"id":10699,"date":"2019-07-08T19:32:33","date_gmt":"2019-07-08T17:32:33","guid":{"rendered":"http:\/\/serveiseducatius.xtec.cat\/bergueda\/?p=10699"},"modified":"2019-09-13T17:15:59","modified_gmt":"2019-09-13T15:15:59","slug":"viii-jornada-deducacio-al-bergueda-ciencia-investiguem","status":"publish","type":"post","link":"https:\/\/serveiseducatius.xtec.cat\/bergueda\/portada\/viii-jornada-deducacio-al-bergueda-ciencia-investiguem\/","title":{"rendered":"VIII Jornada d&#8217;educaci\u00f3 al Bergued\u00e0. Ci\u00e8ncia, investiguem!"},"content":{"rendered":"<h3><strong><a href=\"https:\/\/serveiseducatius.xtec.cat\/bergueda\/wp-content\/uploads\/usu878\/2019\/07\/cienciainvestiguem-e1562606983866.jpg\"><img loading=\"lazy\" decoding=\"async\" class=\" wp-image-10701 alignleft\" src=\"https:\/\/serveiseducatius.xtec.cat\/bergueda\/wp-content\/uploads\/usu878\/2019\/07\/cienciainvestiguem-e1562606983866.jpg\" alt=\"\" width=\"290\" height=\"411\" \/><\/a>Dimecres 4 de setembre de 2019 de 9 a 14h a l&#8217;Ins Serra de Noet<\/strong><\/h3>\n<h3><a href=\"https:\/\/aplicacions.gestioeducativa.gencat.cat\/pls\/soloas\/pk_for_mod_ins.p_for_pre_cons_activitats?p_any=2019-2020&amp;p_codi=B035011B03&amp;p_totes=S\" target=\"_blank\" rel=\"noopener noreferrer\">Inscripci\u00f3 tancada<\/a><\/h3>\n<p>L\u2019ensenyament i l\u2019aprenentatge de les ci\u00e8ncies en els centres educatius requereix un canvi de mirada que ens permeti a tots comprendre millor el m\u00f3n i transformar-lo per aconseguir un benestar personal, una millora en la societat i en el medi ambient. L\u2019alumnat ha de tenir un paper rellevant en el proc\u00e9s d\u2019investigaci\u00f3 que estimuli el seu inter\u00e8s i desenvolupi habilitats i actituds cient\u00edfiques, a partir d\u2019activitats significatives per la seva vida.<br \/>\nDocents, alumnat i ciutadans en general estem implicats en la millora del m\u00f3n!<\/p>\n<p>&nbsp;<\/p>\n<p>&nbsp;<\/p>\n<p><strong>Programa<\/strong><\/p>\n<p><strong>8:45 Acollida i benvinguda<\/strong><br \/>\n<strong>9:15 Presentaci\u00f3 jornada i del PFZ<\/strong><\/p>\n<hr \/>\n<p><strong>9:45 Pon\u00e8ncia<\/strong><\/p>\n<p><strong>Aprendre a investigar i investigar per comprendre. Els reptes de la ci\u00e8ncia escolar. <\/strong>Jordi Mart\u00ed, professor de la UVic<br \/>\nIdentificaci\u00f3 dels principals reptes que han d&#8217;afrontar els docents per implementar un model de ci\u00e8ncia escolar que impliqui l&#8217;alumnat d&#8217;una manera productiva en les pr\u00e0ctiques i les formes de raonar pr\u00f2pies de l&#8217;activitat cient\u00edfica.<\/p>\n<hr \/>\n<p><strong>11:00 Pausa-esmorzar<\/strong><\/p>\n<hr \/>\n<p><strong>11:30 Activitats simult\u00e0nies<\/strong><br \/>\n<strong>Aprendre ci\u00e8ncia des del n\u00e9ixer (Educaci\u00f3 Infantil)<\/strong>. Bianca Mur, mestra de l\u2019escola \u00cdtaca<br \/>\nEls infants tenen capacitats cognitives des del n\u00e9ixer i necessiten eines per poder ser expressades. Crear espais per acompanyar aquesta necessitat de mostrar i adquirir coneixements de manera aut\u00f2noma ser\u00e0 un repte per les escoles.<br \/>\n<strong>El m\u00f3n m\u00e9s petit (Prim\u00e0ria)<\/strong>. N\u00faria L\u00f3pez i Julio P\u00e9rez, CESIRE<br \/>\nHi ha roba que no s\u2019embruta? Com funcionen les cremes solars d\u2019\u00faltima generaci\u00f3? Quants nan\u00f2metres mesura la teva m\u00e0? La resposta la trobem a la maleta \u201cNanoExplora\u201d, un material did\u00e0ctic que t\u00e9 com objectiu el\u00a0 desenvolupament del model mat\u00e8ria a partir de la nanoci\u00e8ncia i la nanotecnologia.<br \/>\n<strong>Di\u00f2xid de carboni i oxigen a l\u2019aire: treballar la qu\u00edmica i la biologia a secund\u00e0ria amb sensors <\/strong><strong>(Secund\u00e0ria)<\/strong>. Fina Guitart i Elena Gayan, CESIRE<br \/>\nPresentaci\u00f3 d\u2019activitats que ens ajudaran a reflexionar sobre les causes i conseq\u00fc\u00e8ncies dels canvis en la\u00a0 concentraci\u00f3 de CO2 a l\u2019aire.<\/p>\n<hr \/>\n<p><strong>12:45 Confer\u00e8ncia<\/strong><br \/>\n<strong>El coneixement basat en canviar el m\u00f3n<\/strong>. Dolors Grau, professora de la UPC<br \/>\nPer qu\u00e8 els nostres joves perden la curiositat en el cam\u00ed de l\u2019aprenentatge? La fragmentaci\u00f3 dels continguts i la manca d\u2019un objectiu clar del perqu\u00e8 cal adquirir coneixements hi pot contribuir. Buscar un fil conductor que pugui donar sentit a tota la formaci\u00f3 pot ser la clau.<\/p>\n<hr \/>\n<p><strong>13:45 Cloenda<\/strong><\/p>\n<p><a href=\"https:\/\/aplicacions.gestioeducativa.gencat.cat\/pls\/soloas\/pk_for_mod_ins.p_for_pre_cons_activitats?p_any=2019-2020&amp;p_codi=B035011B03&amp;p_totes=S\" target=\"_blank\" rel=\"noopener noreferrer\">Inscripcions<\/a><\/p>\n","protected":false},"excerpt":{"rendered":"<p>Dimecres 4 de setembre de 2019 de 9 a 14h a l&#8217;Ins Serra de Noet Inscripci\u00f3 tancada L\u2019ensenyament i l\u2019aprenentatge [&hellip;]<\/p>\n","protected":false},"author":1,"featured_media":10701,"comment_status":"closed","ping_status":"closed","sticky":false,"template":"","format":"standard","meta":{"_bbp_topic_count":0,"_bbp_reply_count":0,"_bbp_total_topic_count":0,"_bbp_total_reply_count":0,"_bbp_voice_count":0,"_bbp_anonymous_reply_count":0,"_bbp_topic_count_hidden":0,"_bbp_reply_count_hidden":0,"_bbp_forum_subforum_count":0,"site-sidebar-layout":"default","site-content-layout":"","ast-site-content-layout":"","site-content-style":"default","site-sidebar-style":"default","ast-global-header-display":"","ast-banner-title-visibility":"","ast-main-header-display":"","ast-hfb-above-header-display":"","ast-hfb-below-header-display":"","ast-hfb-mobile-header-display":"","site-post-title":"","ast-breadcrumbs-content":"","ast-featured-img":"","footer-sml-layout":"","theme-transparent-header-meta":"","adv-header-id-meta":"","stick-header-meta":"","header-above-stick-meta":"","header-main-stick-meta":"","header-below-stick-meta":"","astra-migrate-meta-layouts":"default","ast-page-background-enabled":"default","ast-page-background-meta":{"desktop":{"background-color":"var(--ast-global-color-4)","background-image":"","background-repeat":"repeat","background-position":"center center","background-size":"auto","background-attachment":"scroll","background-type":"","background-media":"","overlay-type":"","overlay-color":"","overlay-opacity":"","overlay-gradient":""},"tablet":{"background-color":"","background-image":"","background-repeat":"repeat","background-position":"center center","background-size":"auto","background-attachment":"scroll","background-type":"","background-media":"","overlay-type":"","overlay-color":"","overlay-opacity":"","overlay-gradient":""},"mobile":{"background-color":"","background-image":"","background-repeat":"repeat","background-position":"center center","background-size":"auto","background-attachment":"scroll","background-type":"","background-media":"","overlay-type":"","overlay-color":"","overlay-opacity":"","overlay-gradient":""}},"ast-content-background-meta":{"desktop":{"background-color":"var(--ast-global-color-5)","background-image":"","background-repeat":"repeat","background-position":"center center","background-size":"auto","background-attachment":"scroll","background-type":"","background-media":"","overlay-type":"","overlay-color":"","overlay-opacity":"","overlay-gradient":""},"tablet":{"background-color":"var(--ast-global-color-5)","background-image":"","background-repeat":"repeat","background-position":"center center","background-size":"auto","background-attachment":"scroll","background-type":"","background-media":"","overlay-type":"","overlay-color":"","overlay-opacity":"","overlay-gradient":""},"mobile":{"background-color":"var(--ast-global-color-5)","background-image":"","background-repeat":"repeat","background-position":"center center","background-size":"auto","background-attachment":"scroll","background-type":"","background-media":"","overlay-type":"","overlay-color":"","overlay-opacity":"","overlay-gradient":""}},"footnotes":""},"categories":[29],"tags":[],"class_list":["post-10699","post","type-post","status-publish","format-standard","has-post-thumbnail","hentry","category-portada"],"post_mailing_queue_ids":[],"_links":{"self":[{"href":"https:\/\/serveiseducatius.xtec.cat\/bergueda\/wp-json\/wp\/v2\/posts\/10699","targetHints":{"allow":["GET"]}}],"collection":[{"href":"https:\/\/serveiseducatius.xtec.cat\/bergueda\/wp-json\/wp\/v2\/posts"}],"about":[{"href":"https:\/\/serveiseducatius.xtec.cat\/bergueda\/wp-json\/wp\/v2\/types\/post"}],"author":[{"embeddable":true,"href":"https:\/\/serveiseducatius.xtec.cat\/bergueda\/wp-json\/wp\/v2\/users\/1"}],"replies":[{"embeddable":true,"href":"https:\/\/serveiseducatius.xtec.cat\/bergueda\/wp-json\/wp\/v2\/comments?post=10699"}],"version-history":[{"count":3,"href":"https:\/\/serveiseducatius.xtec.cat\/bergueda\/wp-json\/wp\/v2\/posts\/10699\/revisions"}],"predecessor-version":[{"id":10713,"href":"https:\/\/serveiseducatius.xtec.cat\/bergueda\/wp-json\/wp\/v2\/posts\/10699\/revisions\/10713"}],"wp:featuredmedia":[{"embeddable":true,"href":"https:\/\/serveiseducatius.xtec.cat\/bergueda\/wp-json\/wp\/v2\/media\/10701"}],"wp:attachment":[{"href":"https:\/\/serveiseducatius.xtec.cat\/bergueda\/wp-json\/wp\/v2\/media?parent=10699"}],"wp:term":[{"taxonomy":"category","embeddable":true,"href":"https:\/\/serveiseducatius.xtec.cat\/bergueda\/wp-json\/wp\/v2\/categories?post=10699"},{"taxonomy":"post_tag","embeddable":true,"href":"https:\/\/serveiseducatius.xtec.cat\/bergueda\/wp-json\/wp\/v2\/tags?post=10699"}],"curies":[{"name":"wp","href":"https:\/\/api.w.org\/{rel}","templated":true}]}}