{"id":10585,"date":"2019-04-12T17:05:22","date_gmt":"2019-04-12T15:05:22","guid":{"rendered":"http:\/\/serveiseducatius.xtec.cat\/bergueda\/?p=10585"},"modified":"2019-04-12T17:05:44","modified_gmt":"2019-04-12T15:05:44","slug":"xxiv-jornades-descola-rural-en-la-formacio-inicial-dels-mestres-de-catalunya","status":"publish","type":"post","link":"https:\/\/serveiseducatius.xtec.cat\/bergueda\/portada\/xxiv-jornades-descola-rural-en-la-formacio-inicial-dels-mestres-de-catalunya\/","title":{"rendered":"XXIV Jornades d&#8217;escola rural en la formaci\u00f3 inicial dels mestres de Catalunya"},"content":{"rendered":"<p><a href=\"https:\/\/serveiseducatius.xtec.cat\/bergueda\/wp-content\/uploads\/usu878\/2019\/04\/cartel-escola-rural.jpg\"><img loading=\"lazy\" decoding=\"async\" class=\" wp-image-10589 alignleft\" src=\"https:\/\/serveiseducatius.xtec.cat\/bergueda\/wp-content\/uploads\/usu878\/2019\/04\/cartel-escola-rural.jpg\" alt=\"\" width=\"212\" height=\"300\" \/><\/a>El 29 i 30 d&#8217;abril es duran a terme al Bergued\u00e0 les\u00a0 <a href=\"https:\/\/serveiseducatius.xtec.cat\/bergueda\/wp-content\/uploads\/usu878\/2019\/03\/programa-definitiu-XXIV-JER-1.pdf\">XXIV Jornades d&#8217;escola rural en la formaci\u00f3 inicial dels mestres de Catalunya<\/a><\/p>\n<p>Al voltant d&#8217;uns 150 alumnes de grau d&#8217;educaci\u00f3\u00a0 de tot Catalunya hi participaran.<\/p>\n<p>El dilluns 29 es far\u00e0 la inauguraci\u00f3 al Pavell\u00f3 de Su\u00e8cia. A continuaci\u00f3 faran visites tem\u00e0tiques guiades a Berga. Els guies seran alumnes de secund\u00e0ria dels quatre centres de Berga.<\/p>\n<p>L&#8217;allotjament ser\u00e0 a l&#8217;alberg La Sala de La Pobla de Lillet i all\u00e0 tamb\u00e9 assistiran a pon\u00e8ncies de docents i alumnes de les nostres escoles rurals i c\u00edcliques. I l&#8217;endem\u00e0 les podran visitar.<\/p>\n<p><a href=\"https:\/\/serveiseducatius.xtec.cat\/bergueda\/wp-content\/uploads\/usu878\/2019\/03\/programa-definitiu-XXIV-JER-1.pdf\">Programa<\/a><\/p>\n","protected":false},"excerpt":{"rendered":"<p>El 29 i 30 d&#8217;abril es duran a terme al Bergued\u00e0 les\u00a0 XXIV Jornades d&#8217;escola rural en la formaci\u00f3 inicial dels mestres de Catalunya.<br \/>\nHi participaran al voltant d&#8217;uns 150 alumnes de grau d&#8217;educaci\u00f3\u00a0 de tot Catalunya.<\/p>\n","protected":false},"author":1,"featured_media":10590,"comment_status":"closed","ping_status":"closed","sticky":false,"template":"","format":"standard","meta":{"_bbp_topic_count":0,"_bbp_reply_count":0,"_bbp_total_topic_count":0,"_bbp_total_reply_count":0,"_bbp_voice_count":0,"_bbp_anonymous_reply_count":0,"_bbp_topic_count_hidden":0,"_bbp_reply_count_hidden":0,"_bbp_forum_subforum_count":0,"site-sidebar-layout":"default","site-content-layout":"","ast-site-content-layout":"","site-content-style":"default","site-sidebar-style":"default","ast-global-header-display":"","ast-banner-title-visibility":"","ast-main-header-display":"","ast-hfb-above-header-display":"","ast-hfb-below-header-display":"","ast-hfb-mobile-header-display":"","site-post-title":"","ast-breadcrumbs-content":"","ast-featured-img":"","footer-sml-layout":"","theme-transparent-header-meta":"","adv-header-id-meta":"","stick-header-meta":"","header-above-stick-meta":"","header-main-stick-meta":"","header-below-stick-meta":"","astra-migrate-meta-layouts":"default","ast-page-background-enabled":"default","ast-page-background-meta":{"desktop":{"background-color":"var(--ast-global-color-4)","background-image":"","background-repeat":"repeat","background-position":"center center","background-size":"auto","background-attachment":"scroll","background-type":"","background-media":"","overlay-type":"","overlay-color":"","overlay-opacity":"","overlay-gradient":""},"tablet":{"background-color":"","background-image":"","background-repeat":"repeat","background-position":"center center","background-size":"auto","background-attachment":"scroll","background-type":"","background-media":"","overlay-type":"","overlay-color":"","overlay-opacity":"","overlay-gradient":""},"mobile":{"background-color":"","background-image":"","background-repeat":"repeat","background-position":"center center","background-size":"auto","background-attachment":"scroll","background-type":"","background-media":"","overlay-type":"","overlay-color":"","overlay-opacity":"","overlay-gradient":""}},"ast-content-background-meta":{"desktop":{"background-color":"var(--ast-global-color-5)","background-image":"","background-repeat":"repeat","background-position":"center center","background-size":"auto","background-attachment":"scroll","background-type":"","background-media":"","overlay-type":"","overlay-color":"","overlay-opacity":"","overlay-gradient":""},"tablet":{"background-color":"var(--ast-global-color-5)","background-image":"","background-repeat":"repeat","background-position":"center center","background-size":"auto","background-attachment":"scroll","background-type":"","background-media":"","overlay-type":"","overlay-color":"","overlay-opacity":"","overlay-gradient":""},"mobile":{"background-color":"var(--ast-global-color-5)","background-image":"","background-repeat":"repeat","background-position":"center center","background-size":"auto","background-attachment":"scroll","background-type":"","background-media":"","overlay-type":"","overlay-color":"","overlay-opacity":"","overlay-gradient":""}},"footnotes":""},"categories":[29],"tags":[],"class_list":["post-10585","post","type-post","status-publish","format-standard","has-post-thumbnail","hentry","category-portada"],"post_mailing_queue_ids":[],"_links":{"self":[{"href":"https:\/\/serveiseducatius.xtec.cat\/bergueda\/wp-json\/wp\/v2\/posts\/10585","targetHints":{"allow":["GET"]}}],"collection":[{"href":"https:\/\/serveiseducatius.xtec.cat\/bergueda\/wp-json\/wp\/v2\/posts"}],"about":[{"href":"https:\/\/serveiseducatius.xtec.cat\/bergueda\/wp-json\/wp\/v2\/types\/post"}],"author":[{"embeddable":true,"href":"https:\/\/serveiseducatius.xtec.cat\/bergueda\/wp-json\/wp\/v2\/users\/1"}],"replies":[{"embeddable":true,"href":"https:\/\/serveiseducatius.xtec.cat\/bergueda\/wp-json\/wp\/v2\/comments?post=10585"}],"version-history":[{"count":2,"href":"https:\/\/serveiseducatius.xtec.cat\/bergueda\/wp-json\/wp\/v2\/posts\/10585\/revisions"}],"predecessor-version":[{"id":10591,"href":"https:\/\/serveiseducatius.xtec.cat\/bergueda\/wp-json\/wp\/v2\/posts\/10585\/revisions\/10591"}],"wp:featuredmedia":[{"embeddable":true,"href":"https:\/\/serveiseducatius.xtec.cat\/bergueda\/wp-json\/wp\/v2\/media\/10590"}],"wp:attachment":[{"href":"https:\/\/serveiseducatius.xtec.cat\/bergueda\/wp-json\/wp\/v2\/media?parent=10585"}],"wp:term":[{"taxonomy":"category","embeddable":true,"href":"https:\/\/serveiseducatius.xtec.cat\/bergueda\/wp-json\/wp\/v2\/categories?post=10585"},{"taxonomy":"post_tag","embeddable":true,"href":"https:\/\/serveiseducatius.xtec.cat\/bergueda\/wp-json\/wp\/v2\/tags?post=10585"}],"curies":[{"name":"wp","href":"https:\/\/api.w.org\/{rel}","templated":true}]}}