{"id":10150,"date":"2018-10-22T12:07:34","date_gmt":"2018-10-22T10:07:34","guid":{"rendered":"http:\/\/serveiseducatius.xtec.cat\/bergueda\/?p=10150"},"modified":"2018-10-22T13:46:46","modified_gmt":"2018-10-22T11:46:46","slug":"concurs-dibuixos-abeam-7a-edicio-curs-2018-2019","status":"publish","type":"post","link":"https:\/\/serveiseducatius.xtec.cat\/bergueda\/portada\/concurs-dibuixos-abeam-7a-edicio-curs-2018-2019\/","title":{"rendered":"Concurs Dibuixos ABEAM &#8211; 7a edici\u00f3"},"content":{"rendered":"<p><span style=\"font-size: small;\"><img loading=\"lazy\" decoding=\"async\" class=\"size-full wp-image-10155 aligncenter\" src=\"https:\/\/serveiseducatius.xtec.cat\/bergueda\/wp-content\/uploads\/usu878\/2018\/10\/concurs-dibuix-aeam-2019.jpg\" alt=\"\" width=\"627\" height=\"96\" srcset=\"https:\/\/serveiseducatius.xtec.cat\/bergueda\/wp-content\/uploads\/usu878\/2018\/10\/concurs-dibuix-aeam-2019.jpg 627w, https:\/\/serveiseducatius.xtec.cat\/bergueda\/wp-content\/uploads\/usu878\/2018\/10\/concurs-dibuix-aeam-2019-300x46.jpg 300w\" sizes=\"auto, (max-width: 627px) 100vw, 627px\" \/><\/span><\/p>\n<p><span style=\"font-size: small;\">Nova edici\u00f3 del Concurs de Dibuixos Matem\u00e0tics d&#8217;ABEAM (<a href=\"http:\/\/abeam.feemcat.org\/\" target=\"_blank\" rel=\"noopener\" data-saferedirecturl=\"https:\/\/www.google.com\/url?q=http:\/\/abeam.feemcat.org\/&amp;source=gmail&amp;ust=1540282459283000&amp;usg=AFQjCNFitUAGXa9R9CKkWi43Eal8RmVe2A\">Associaci\u00f3 de Barcelona per l&#8217;Estudi i l&#8217;Aprenentatge de les Matem\u00e0tiques<\/a>),\u00a0adre\u00e7at als\u00a0<b>alumnes d\u2019Educaci\u00f3 Infantil i Educaci\u00f3 Prim\u00e0ria<\/b>\u00a0amb l\u2019objectiu de\u00a0<b>fomentar la seva creativitat matem\u00e0tica<\/b>\u00a0i el\u00a0<b>gust per a ella<\/b>, com tamb\u00e9 potenciar el desenvolupament de les\u00a0<b>compet\u00e8ncies matem\u00e0tiques. <\/b><\/span><\/p>\n<p><span style=\"font-size: small;\"><b><a href=\"http:\/\/abeam.feemcat.org\/pluginfile.php\/2109\/mod_resource\/content\/2\/Bases%20Concurs%20Dibuixos%20Matem%C3%A0tics%20ABEAM%202018-2019.pdf\">Us podeu descarregar les bases<\/a><\/b><\/span><\/p>\n<p>&nbsp;<\/p>\n","protected":false},"excerpt":{"rendered":"<p>Nova edici\u00f3 del Concurs de Dibuixos Matem\u00e0tics d&#8217;ABEAM (Associaci\u00f3 de Barcelona per l&#8217;Estudi i l&#8217;Aprenentatge de les Matem\u00e0tiques),\u00a0adre\u00e7at als\u00a0alumnes d\u2019Educaci\u00f3 [&hellip;]<\/p>\n","protected":false},"author":1,"featured_media":10153,"comment_status":"closed","ping_status":"closed","sticky":false,"template":"","format":"standard","meta":{"_bbp_topic_count":0,"_bbp_reply_count":0,"_bbp_total_topic_count":0,"_bbp_total_reply_count":0,"_bbp_voice_count":0,"_bbp_anonymous_reply_count":0,"_bbp_topic_count_hidden":0,"_bbp_reply_count_hidden":0,"_bbp_forum_subforum_count":0,"site-sidebar-layout":"default","site-content-layout":"","ast-site-content-layout":"","site-content-style":"default","site-sidebar-style":"default","ast-global-header-display":"","ast-banner-title-visibility":"","ast-main-header-display":"","ast-hfb-above-header-display":"","ast-hfb-below-header-display":"","ast-hfb-mobile-header-display":"","site-post-title":"","ast-breadcrumbs-content":"","ast-featured-img":"","footer-sml-layout":"","theme-transparent-header-meta":"","adv-header-id-meta":"","stick-header-meta":"","header-above-stick-meta":"","header-main-stick-meta":"","header-below-stick-meta":"","astra-migrate-meta-layouts":"default","ast-page-background-enabled":"default","ast-page-background-meta":{"desktop":{"background-color":"var(--ast-global-color-4)","background-image":"","background-repeat":"repeat","background-position":"center center","background-size":"auto","background-attachment":"scroll","background-type":"","background-media":"","overlay-type":"","overlay-color":"","overlay-opacity":"","overlay-gradient":""},"tablet":{"background-color":"","background-image":"","background-repeat":"repeat","background-position":"center center","background-size":"auto","background-attachment":"scroll","background-type":"","background-media":"","overlay-type":"","overlay-color":"","overlay-opacity":"","overlay-gradient":""},"mobile":{"background-color":"","background-image":"","background-repeat":"repeat","background-position":"center center","background-size":"auto","background-attachment":"scroll","background-type":"","background-media":"","overlay-type":"","overlay-color":"","overlay-opacity":"","overlay-gradient":""}},"ast-content-background-meta":{"desktop":{"background-color":"var(--ast-global-color-5)","background-image":"","background-repeat":"repeat","background-position":"center center","background-size":"auto","background-attachment":"scroll","background-type":"","background-media":"","overlay-type":"","overlay-color":"","overlay-opacity":"","overlay-gradient":""},"tablet":{"background-color":"var(--ast-global-color-5)","background-image":"","background-repeat":"repeat","background-position":"center center","background-size":"auto","background-attachment":"scroll","background-type":"","background-media":"","overlay-type":"","overlay-color":"","overlay-opacity":"","overlay-gradient":""},"mobile":{"background-color":"var(--ast-global-color-5)","background-image":"","background-repeat":"repeat","background-position":"center center","background-size":"auto","background-attachment":"scroll","background-type":"","background-media":"","overlay-type":"","overlay-color":"","overlay-opacity":"","overlay-gradient":""}},"footnotes":""},"categories":[29],"tags":[],"class_list":["post-10150","post","type-post","status-publish","format-standard","has-post-thumbnail","hentry","category-portada"],"post_mailing_queue_ids":[],"_links":{"self":[{"href":"https:\/\/serveiseducatius.xtec.cat\/bergueda\/wp-json\/wp\/v2\/posts\/10150","targetHints":{"allow":["GET"]}}],"collection":[{"href":"https:\/\/serveiseducatius.xtec.cat\/bergueda\/wp-json\/wp\/v2\/posts"}],"about":[{"href":"https:\/\/serveiseducatius.xtec.cat\/bergueda\/wp-json\/wp\/v2\/types\/post"}],"author":[{"embeddable":true,"href":"https:\/\/serveiseducatius.xtec.cat\/bergueda\/wp-json\/wp\/v2\/users\/1"}],"replies":[{"embeddable":true,"href":"https:\/\/serveiseducatius.xtec.cat\/bergueda\/wp-json\/wp\/v2\/comments?post=10150"}],"version-history":[{"count":3,"href":"https:\/\/serveiseducatius.xtec.cat\/bergueda\/wp-json\/wp\/v2\/posts\/10150\/revisions"}],"predecessor-version":[{"id":10157,"href":"https:\/\/serveiseducatius.xtec.cat\/bergueda\/wp-json\/wp\/v2\/posts\/10150\/revisions\/10157"}],"wp:featuredmedia":[{"embeddable":true,"href":"https:\/\/serveiseducatius.xtec.cat\/bergueda\/wp-json\/wp\/v2\/media\/10153"}],"wp:attachment":[{"href":"https:\/\/serveiseducatius.xtec.cat\/bergueda\/wp-json\/wp\/v2\/media?parent=10150"}],"wp:term":[{"taxonomy":"category","embeddable":true,"href":"https:\/\/serveiseducatius.xtec.cat\/bergueda\/wp-json\/wp\/v2\/categories?post=10150"},{"taxonomy":"post_tag","embeddable":true,"href":"https:\/\/serveiseducatius.xtec.cat\/bergueda\/wp-json\/wp\/v2\/tags?post=10150"}],"curies":[{"name":"wp","href":"https:\/\/api.w.org\/{rel}","templated":true}]}}