{"id":9668,"date":"2016-10-07T17:49:48","date_gmt":"2016-10-07T16:49:48","guid":{"rendered":"http:\/\/serveiseducatius.xtec.cat\/bdrlectura\/?p=9668"},"modified":"2018-12-13T15:59:28","modified_gmt":"2018-12-13T14:59:28","slug":"materials-per-treballar-la-consciencia-fonologica","status":"publish","type":"post","link":"https:\/\/serveiseducatius.xtec.cat\/bdrlectura\/aprenentatge-inicial-de-la-lectura\/materials-per-treballar-la-consciencia-fonologica\/","title":{"rendered":"Materials per treballar la consci\u00e8ncia fonol\u00f2gica"},"content":{"rendered":"<h5><a href=\"http:\/\/Materials per treballar la consci\u00e8ncia fonol\u00f2gica\"><img loading=\"lazy\" decoding=\"async\" class=\"size-full wp-image-9669 alignleft\" src=\"http:\/\/serveiseducatius.xtec.cat\/bdrlectura\/wp-content\/uploads\/usu1339\/2016\/10\/cl-02.png\" alt=\"cl-02\" width=\"210\" height=\"140\" \/><\/a><a href=\"http:\/\/www.xtec.cat\/serveis\/creda\/a8924081\/pagina7.htm#p%C3%A0gina7\" target=\"_blank\" rel=\"noopener\">Materials per treballar la consci\u00e8ncia fonol\u00f2gica<\/a><\/h5>\n<p>Espai del <a href=\"http:\/\/www.xtec.cat\/serveis\/creda\/a8924081\/\" target=\"_blank\" rel=\"noopener\">CREDA Comarques I<\/a> amb un conjunt de materials per treballar la consci\u00e8ncia fonol\u00f2gica, pensats per a ser utilitzats amb alumnes d&#8217;Educaci\u00f3 Infantil, 1er cicle d&#8217;Educaci\u00f3 Prim\u00e0ria, alumnes amb trastorn de llenguatge i altres&#8230; Inclou fitxes, exercicis i llibretes de rimes, exercicis i llibreta de s\u00edl\u00b7labes, etc.<\/p>\n","protected":false},"excerpt":{"rendered":"<p><a href=\"http:\/\/Materials per treballar la consci\u00e8ncia fonol\u00f2gica\"><\/a><a href=\"http:\/\/www.xtec.cat\/serveis\/creda\/a8924081\/pagina7.htm#p%C3%A0gina7\" target=\"_blank\" rel=\"noopener\">Materials per treballar la consci\u00e8ncia fonol\u00f2gica<\/a><br \/>\nEspai del <a href=\"http:\/\/www.xtec.cat\/serveis\/creda\/a8924081\/\" target=\"_blank\" rel=\"noopener\">CREDA Comarques I<\/a> amb un conjunt de materials per treballar la consci\u00e8ncia fonol\u00f2gica, pensats per a ser utilitzats amb alumnes d&#8217;Educaci\u00f3 Infantil, 1er cicle d&#8217;Educaci\u00f3 Prim\u00e0ria,&hellip;  <a href=\"https:\/\/serveiseducatius.xtec.cat\/bdrlectura\/aprenentatge-inicial-de-la-lectura\/materials-per-treballar-la-consciencia-fonologica\/\" title=\"Read Materials per treballar la consci\u00e8ncia fonol\u00f2gica\">Llegeix m\u00e9s\u00bb<\/a><\/p>\n","protected":false},"author":1,"featured_media":0,"comment_status":"open","ping_status":"closed","sticky":false,"template":"","format":"standard","meta":{"_bbp_topic_count":0,"_bbp_reply_count":0,"_bbp_total_topic_count":0,"_bbp_total_reply_count":0,"_bbp_voice_count":0,"_bbp_anonymous_reply_count":0,"_bbp_topic_count_hidden":0,"_bbp_reply_count_hidden":0,"_bbp_forum_subforum_count":0,"footnotes":""},"categories":[300],"tags":[390,498,400,622,511],"class_list":["post-9668","post","type-post","status-publish","format-standard","hentry","category-aprenentatge-inicial-de-la-lectura","tag-ail","tag-alfabetitzacio-inicial","tag-consciencia-fonologica","tag-educacio-infantil","tag-educacio-primaria"],"post_mailing_queue_ids":[],"_links":{"self":[{"href":"https:\/\/serveiseducatius.xtec.cat\/bdrlectura\/wp-json\/wp\/v2\/posts\/9668","targetHints":{"allow":["GET"]}}],"collection":[{"href":"https:\/\/serveiseducatius.xtec.cat\/bdrlectura\/wp-json\/wp\/v2\/posts"}],"about":[{"href":"https:\/\/serveiseducatius.xtec.cat\/bdrlectura\/wp-json\/wp\/v2\/types\/post"}],"author":[{"embeddable":true,"href":"https:\/\/serveiseducatius.xtec.cat\/bdrlectura\/wp-json\/wp\/v2\/users\/1"}],"replies":[{"embeddable":true,"href":"https:\/\/serveiseducatius.xtec.cat\/bdrlectura\/wp-json\/wp\/v2\/comments?post=9668"}],"version-history":[{"count":3,"href":"https:\/\/serveiseducatius.xtec.cat\/bdrlectura\/wp-json\/wp\/v2\/posts\/9668\/revisions"}],"predecessor-version":[{"id":13898,"href":"https:\/\/serveiseducatius.xtec.cat\/bdrlectura\/wp-json\/wp\/v2\/posts\/9668\/revisions\/13898"}],"wp:attachment":[{"href":"https:\/\/serveiseducatius.xtec.cat\/bdrlectura\/wp-json\/wp\/v2\/media?parent=9668"}],"wp:term":[{"taxonomy":"category","embeddable":true,"href":"https:\/\/serveiseducatius.xtec.cat\/bdrlectura\/wp-json\/wp\/v2\/categories?post=9668"},{"taxonomy":"post_tag","embeddable":true,"href":"https:\/\/serveiseducatius.xtec.cat\/bdrlectura\/wp-json\/wp\/v2\/tags?post=9668"}],"curies":[{"name":"wp","href":"https:\/\/api.w.org\/{rel}","templated":true}]}}