{"id":9492,"date":"2016-09-06T15:18:37","date_gmt":"2016-09-06T14:18:37","guid":{"rendered":"http:\/\/serveiseducatius.xtec.cat\/bdrlectura\/?p=9492"},"modified":"2016-11-15T18:08:14","modified_gmt":"2016-11-15T17:08:14","slug":"pallarslector","status":"publish","type":"post","link":"https:\/\/serveiseducatius.xtec.cat\/bdrlectura\/projectes-col%c2%b7laboratius\/pallarslector\/","title":{"rendered":"PallarsLector"},"content":{"rendered":"<h5><img loading=\"lazy\" decoding=\"async\" class=\"size-full wp-image-9604 alignleft\" src=\"http:\/\/serveiseducatius.xtec.cat\/bdrlectura\/wp-content\/uploads\/usu1339\/2016\/10\/projectes06.png\" alt=\"projectes06\" width=\"210\" height=\"140\" \/><a href=\"https:\/\/sites.google.com\/a\/xtec.cat\/pallarslector\/\" target=\"_blank\">PallarsLector<\/a><\/h5>\n<div class=\"bloc-mobil\">\n<div class=\"descripcio\">\n<p>Aquest projecte neix a partir del programa de biblioteques escolars PuntEdu que desenvolupen la majoria de centres de la zona. Els objectius s\u00f3n fomentar la compet\u00e8ncia ling\u00fc\u00edstica i el gust per la lectura i, a la vegada, promoure una lectura sostenible.\u00a0<a href=\"https:\/\/sites.google.com\/a\/xtec.cat\/sep\/\" target=\"_blank\">CRP\u00a0del Pallars<\/a><\/p>\n<\/div>\n<\/div>\n","protected":false},"excerpt":{"rendered":"<p><a href=\"https:\/\/sites.google.com\/a\/xtec.cat\/pallarslector\/\" target=\"_blank\">PallarsLector<\/a><\/p>\n<p>Aquest projecte neix a partir del programa de biblioteques escolars PuntEdu que desenvolupen la majoria de centres de la zona. Els objectius s\u00f3n fomentar la compet\u00e8ncia ling\u00fc\u00edstica i el gust per la lectura i, a la vegada, promoure una lectura sostenible.\u00a0<a href=\"https:\/\/sites.google.com\/a\/xtec.cat\/sep\/\" target=\"_blank\">CRP\u00a0del&hellip;  <a href=\"https:\/\/serveiseducatius.xtec.cat\/bdrlectura\/projectes-col%c2%b7laboratius\/pallarslector\/\" title=\"Read PallarsLector\">Llegeix m\u00e9s\u00bb<\/a><\/p>\n","protected":false},"author":1,"featured_media":9604,"comment_status":"open","ping_status":"open","sticky":false,"template":"","format":"standard","meta":{"_bbp_topic_count":0,"_bbp_reply_count":0,"_bbp_total_topic_count":0,"_bbp_total_reply_count":0,"_bbp_voice_count":0,"_bbp_anonymous_reply_count":0,"_bbp_topic_count_hidden":0,"_bbp_reply_count_hidden":0,"_bbp_forum_subforum_count":0,"footnotes":""},"categories":[316],"tags":[472,627,583],"class_list":["post-9492","post","type-post","status-publish","format-standard","has-post-thumbnail","hentry","category-projectes-collaboratius","tag-crp-del-pallars","tag-projecte-amb-la-comunitat","tag-promocio-de-la-lectura"],"post_mailing_queue_ids":[],"_links":{"self":[{"href":"https:\/\/serveiseducatius.xtec.cat\/bdrlectura\/wp-json\/wp\/v2\/posts\/9492","targetHints":{"allow":["GET"]}}],"collection":[{"href":"https:\/\/serveiseducatius.xtec.cat\/bdrlectura\/wp-json\/wp\/v2\/posts"}],"about":[{"href":"https:\/\/serveiseducatius.xtec.cat\/bdrlectura\/wp-json\/wp\/v2\/types\/post"}],"author":[{"embeddable":true,"href":"https:\/\/serveiseducatius.xtec.cat\/bdrlectura\/wp-json\/wp\/v2\/users\/1"}],"replies":[{"embeddable":true,"href":"https:\/\/serveiseducatius.xtec.cat\/bdrlectura\/wp-json\/wp\/v2\/comments?post=9492"}],"version-history":[{"count":3,"href":"https:\/\/serveiseducatius.xtec.cat\/bdrlectura\/wp-json\/wp\/v2\/posts\/9492\/revisions"}],"predecessor-version":[{"id":11100,"href":"https:\/\/serveiseducatius.xtec.cat\/bdrlectura\/wp-json\/wp\/v2\/posts\/9492\/revisions\/11100"}],"wp:featuredmedia":[{"embeddable":true,"href":"https:\/\/serveiseducatius.xtec.cat\/bdrlectura\/wp-json\/wp\/v2\/media\/9604"}],"wp:attachment":[{"href":"https:\/\/serveiseducatius.xtec.cat\/bdrlectura\/wp-json\/wp\/v2\/media?parent=9492"}],"wp:term":[{"taxonomy":"category","embeddable":true,"href":"https:\/\/serveiseducatius.xtec.cat\/bdrlectura\/wp-json\/wp\/v2\/categories?post=9492"},{"taxonomy":"post_tag","embeddable":true,"href":"https:\/\/serveiseducatius.xtec.cat\/bdrlectura\/wp-json\/wp\/v2\/tags?post=9492"}],"curies":[{"name":"wp","href":"https:\/\/api.w.org\/{rel}","templated":true}]}}