{"id":9435,"date":"2016-10-05T19:46:55","date_gmt":"2016-10-05T18:46:55","guid":{"rendered":"http:\/\/serveiseducatius.xtec.cat\/bdrlectura\/?p=9435"},"modified":"2018-02-05T13:09:29","modified_gmt":"2018-02-05T12:09:29","slug":"que-qui-com-de-la-biblioteca-la-posada-en-marxa-de-la-biblioteca-en-un-centre-educatiu","status":"publish","type":"post","link":"https:\/\/serveiseducatius.xtec.cat\/bdrlectura\/coneixement-de-la-biblioteca-i-de-la-seva-organitzacio\/que-qui-com-de-la-biblioteca-la-posada-en-marxa-de-la-biblioteca-en-un-centre-educatiu\/","title":{"rendered":"Qu\u00e8, qui, com de la biblioteca: La posada en marxa de la biblioteca en un centre educatiu"},"content":{"rendered":"<h5><img loading=\"lazy\" decoding=\"async\" class=\"wp-image-9844 size-full alignleft\" src=\"http:\/\/serveiseducatius.xtec.cat\/bdrlectura\/wp-content\/uploads\/usu1339\/2016\/10\/que_qui_com.jpg\" alt=\"que_qui_com\" width=\"210\" height=\"140\" \/><a title=\"Qu\u00e8, qui, com de la biblioteca: La posada en marxa de la biblioteca en un centre educatiu\" href=\"http:\/\/www.xtec.cat\/alfresco\/d\/d\/workspace\/SpacesStore\/71f10a6a-0c37-447c-ba99-fe3c275b6dee\/que_qui_com.pdf\" target=\"_blank\" rel=\"noopener noreferrer\">Qu\u00e8, qui, com de la biblioteca: La posada en marxa de la biblioteca en un centre educatiu<\/a><\/h5>\n<p>Eina per als centres educatius que t\u00e9 com a objectiu visualitzar de manera esquem\u00e0tica, per poder-ne fer una revisi\u00f3, els diferents punts claus que cal tenir present en un projecte de biblioteca que d\u00f3na suport al curr\u00edculum.<\/p>\n","protected":false},"excerpt":{"rendered":"<p><a title=\"Qu\u00e8, qui, com de la biblioteca: La posada en marxa de la biblioteca en un centre educatiu\" href=\"http:\/\/www.xtec.cat\/alfresco\/d\/d\/workspace\/SpacesStore\/71f10a6a-0c37-447c-ba99-fe3c275b6dee\/que_qui_com.pdf\" target=\"_blank\" rel=\"noopener noreferrer\">Qu\u00e8, qui, com de la biblioteca: La posada en marxa de la biblioteca en un centre educatiu<\/a><br \/>\nEina per als centres educatius que t\u00e9 com&hellip;  <a href=\"https:\/\/serveiseducatius.xtec.cat\/bdrlectura\/coneixement-de-la-biblioteca-i-de-la-seva-organitzacio\/que-qui-com-de-la-biblioteca-la-posada-en-marxa-de-la-biblioteca-en-un-centre-educatiu\/\" title=\"Read Qu\u00e8, qui, com de la biblioteca: La posada en marxa de la biblioteca en un centre educatiu\">Llegeix m\u00e9s\u00bb<\/a><\/p>\n","protected":false},"author":3,"featured_media":0,"comment_status":"open","ping_status":"closed","sticky":false,"template":"","format":"standard","meta":{"_bbp_topic_count":0,"_bbp_reply_count":0,"_bbp_total_topic_count":0,"_bbp_total_reply_count":0,"_bbp_voice_count":0,"_bbp_anonymous_reply_count":0,"_bbp_topic_count_hidden":0,"_bbp_reply_count_hidden":0,"_bbp_forum_subforum_count":0,"footnotes":""},"categories":[357],"tags":[497,514],"class_list":["post-9435","post","type-post","status-publish","format-standard","hentry","category-coneixement-de-la-biblioteca-i-de-la-seva-organitzacio","tag-biblioteca-escolar","tag-pautes-i-orientacions-be"],"post_mailing_queue_ids":[],"_links":{"self":[{"href":"https:\/\/serveiseducatius.xtec.cat\/bdrlectura\/wp-json\/wp\/v2\/posts\/9435","targetHints":{"allow":["GET"]}}],"collection":[{"href":"https:\/\/serveiseducatius.xtec.cat\/bdrlectura\/wp-json\/wp\/v2\/posts"}],"about":[{"href":"https:\/\/serveiseducatius.xtec.cat\/bdrlectura\/wp-json\/wp\/v2\/types\/post"}],"author":[{"embeddable":true,"href":"https:\/\/serveiseducatius.xtec.cat\/bdrlectura\/wp-json\/wp\/v2\/users\/3"}],"replies":[{"embeddable":true,"href":"https:\/\/serveiseducatius.xtec.cat\/bdrlectura\/wp-json\/wp\/v2\/comments?post=9435"}],"version-history":[{"count":3,"href":"https:\/\/serveiseducatius.xtec.cat\/bdrlectura\/wp-json\/wp\/v2\/posts\/9435\/revisions"}],"predecessor-version":[{"id":12979,"href":"https:\/\/serveiseducatius.xtec.cat\/bdrlectura\/wp-json\/wp\/v2\/posts\/9435\/revisions\/12979"}],"wp:attachment":[{"href":"https:\/\/serveiseducatius.xtec.cat\/bdrlectura\/wp-json\/wp\/v2\/media?parent=9435"}],"wp:term":[{"taxonomy":"category","embeddable":true,"href":"https:\/\/serveiseducatius.xtec.cat\/bdrlectura\/wp-json\/wp\/v2\/categories?post=9435"},{"taxonomy":"post_tag","embeddable":true,"href":"https:\/\/serveiseducatius.xtec.cat\/bdrlectura\/wp-json\/wp\/v2\/tags?post=9435"}],"curies":[{"name":"wp","href":"https:\/\/api.w.org\/{rel}","templated":true}]}}