{"id":9410,"date":"2016-10-05T19:27:26","date_gmt":"2016-10-05T18:27:26","guid":{"rendered":"http:\/\/serveiseducatius.xtec.cat\/bdrlectura\/?p=9410"},"modified":"2018-02-05T13:13:44","modified_gmt":"2018-02-05T12:13:44","slug":"adaptacio-de-la-cdu-per-a-les-biblioteques-dinfantil-primaria-i-secundaria","status":"publish","type":"post","link":"https:\/\/serveiseducatius.xtec.cat\/bdrlectura\/coneixement-de-la-biblioteca-i-de-la-seva-organitzacio\/adaptacio-de-la-cdu-per-a-les-biblioteques-dinfantil-primaria-i-secundaria\/","title":{"rendered":"Adaptaci\u00f3 de la CDU per a les biblioteques d&#8217;infantil, prim\u00e0ria i secund\u00e0ria"},"content":{"rendered":"<h5><img loading=\"lazy\" decoding=\"async\" class=\"alignleft wp-image-9855 size-full\" src=\"http:\/\/serveiseducatius.xtec.cat\/bdrlectura\/wp-content\/uploads\/usu1339\/2016\/10\/CDU.jpg\" alt=\"cdu\" width=\"210\" height=\"140\" \/><a title=\"Adaptaci\u00f3 de la CDU per a les biblioteques d'infantil, prim\u00e0ria i secund\u00e0ria\" href=\"http:\/\/www.xtec.cat\/alfresco\/d\/d\/workspace\/SpacesStore\/ba8d1f6b-31f8-49ee-9a05-c6c64ea26232\/CDU%20inf-pri-sec.pdf\" target=\"_blank\" rel=\"noopener noreferrer\">Adaptaci\u00f3 de la CDU per a les biblioteques d&#8217;infantil, prim\u00e0ria i secund\u00e0ria<\/a><\/h5>\n<p>Pautes per facilitar l&#8217;organitzaci\u00f3 dels documents i la localitzaci\u00f3 a les prestatgeries d&#8217;una forma sistem\u00e0tica i amb uns criteris unificats.\u00a0La utilitzaci\u00f3 d&#8217;aquest document s&#8217;ha de fer d&#8217;acord amb la biblioteca p\u00fablica de l&#8217;entorn.<\/p>\n","protected":false},"excerpt":{"rendered":"<p><a title=\"Adaptaci\u00f3 de la CDU per a les biblioteques d'infantil, prim\u00e0ria i secund\u00e0ria\" href=\"http:\/\/www.xtec.cat\/alfresco\/d\/d\/workspace\/SpacesStore\/ba8d1f6b-31f8-49ee-9a05-c6c64ea26232\/CDU%20inf-pri-sec.pdf\" target=\"_blank\" rel=\"noopener noreferrer\">Adaptaci\u00f3 de la CDU per a les biblioteques d&#8217;infantil, prim\u00e0ria i secund\u00e0ria<\/a><br \/>\nPautes per facilitar l&#8217;organitzaci\u00f3 dels documents i la localitzaci\u00f3 a les prestatgeries d&#8217;una forma sistem\u00e0tica i amb uns&hellip;  <a href=\"https:\/\/serveiseducatius.xtec.cat\/bdrlectura\/coneixement-de-la-biblioteca-i-de-la-seva-organitzacio\/adaptacio-de-la-cdu-per-a-les-biblioteques-dinfantil-primaria-i-secundaria\/\" title=\"Read Adaptaci\u00f3 de la CDU per a les biblioteques d&#8217;infantil, prim\u00e0ria i secund\u00e0ria\">Llegeix m\u00e9s\u00bb<\/a><\/p>\n","protected":false},"author":3,"featured_media":0,"comment_status":"open","ping_status":"closed","sticky":false,"template":"","format":"standard","meta":{"_bbp_topic_count":0,"_bbp_reply_count":0,"_bbp_total_topic_count":0,"_bbp_total_reply_count":0,"_bbp_voice_count":0,"_bbp_anonymous_reply_count":0,"_bbp_topic_count_hidden":0,"_bbp_reply_count_hidden":0,"_bbp_forum_subforum_count":0,"footnotes":""},"categories":[357],"tags":[521,520,522],"class_list":["post-9410","post","type-post","status-publish","format-standard","hentry","category-coneixement-de-la-biblioteca-i-de-la-seva-organitzacio","tag-cdu","tag-classificacio-decimal","tag-llenguatge-documental"],"post_mailing_queue_ids":[],"_links":{"self":[{"href":"https:\/\/serveiseducatius.xtec.cat\/bdrlectura\/wp-json\/wp\/v2\/posts\/9410","targetHints":{"allow":["GET"]}}],"collection":[{"href":"https:\/\/serveiseducatius.xtec.cat\/bdrlectura\/wp-json\/wp\/v2\/posts"}],"about":[{"href":"https:\/\/serveiseducatius.xtec.cat\/bdrlectura\/wp-json\/wp\/v2\/types\/post"}],"author":[{"embeddable":true,"href":"https:\/\/serveiseducatius.xtec.cat\/bdrlectura\/wp-json\/wp\/v2\/users\/3"}],"replies":[{"embeddable":true,"href":"https:\/\/serveiseducatius.xtec.cat\/bdrlectura\/wp-json\/wp\/v2\/comments?post=9410"}],"version-history":[{"count":3,"href":"https:\/\/serveiseducatius.xtec.cat\/bdrlectura\/wp-json\/wp\/v2\/posts\/9410\/revisions"}],"predecessor-version":[{"id":12981,"href":"https:\/\/serveiseducatius.xtec.cat\/bdrlectura\/wp-json\/wp\/v2\/posts\/9410\/revisions\/12981"}],"wp:attachment":[{"href":"https:\/\/serveiseducatius.xtec.cat\/bdrlectura\/wp-json\/wp\/v2\/media?parent=9410"}],"wp:term":[{"taxonomy":"category","embeddable":true,"href":"https:\/\/serveiseducatius.xtec.cat\/bdrlectura\/wp-json\/wp\/v2\/categories?post=9410"},{"taxonomy":"post_tag","embeddable":true,"href":"https:\/\/serveiseducatius.xtec.cat\/bdrlectura\/wp-json\/wp\/v2\/tags?post=9410"}],"curies":[{"name":"wp","href":"https:\/\/api.w.org\/{rel}","templated":true}]}}