{"id":9396,"date":"2016-10-05T17:41:29","date_gmt":"2016-10-05T16:41:29","guid":{"rendered":"http:\/\/serveiseducatius.xtec.cat\/bdrlectura\/?p=9396"},"modified":"2017-07-11T12:45:26","modified_gmt":"2017-07-11T10:45:26","slug":"canco-biblioferit","status":"publish","type":"post","link":"https:\/\/serveiseducatius.xtec.cat\/bdrlectura\/dinamitzacio-de-la-be\/canco-biblioferit\/","title":{"rendered":"Can\u00e7\u00f3 Biblioferit"},"content":{"rendered":"<h5><img loading=\"lazy\" decoding=\"async\" class=\"size-full wp-image-9397 alignleft\" src=\"http:\/\/serveiseducatius.xtec.cat\/bdrlectura\/wp-content\/uploads\/usu1339\/2016\/10\/biblioteca_2.png\" alt=\"biblioteca_2\" width=\"210\" height=\"140\" \/><a title=\"Can\u00e7\u00f3 Biblioferit\" href=\"https:\/\/www.youtube.com\/watch?v=u38hKObzp10\" target=\"_blank\" rel=\"noopener noreferrer\">Can\u00e7\u00f3 Biblioferit<\/a><\/h5>\n<p>Es va editar el 2014 per enc\u00e0rrec del Servei General de Biblioteques del Departament de Cultura de la Generalitat de Catalunya. La interpretaci\u00f3 de la can\u00e7\u00f3 va a c\u00e0rrec del grup musical La Tresca i la Verdesca.<\/p>\n","protected":false},"excerpt":{"rendered":"<p><a title=\"Can\u00e7\u00f3 Biblioferit\" href=\"https:\/\/www.youtube.com\/watch?v=u38hKObzp10\" target=\"_blank\" rel=\"noopener noreferrer\">Can\u00e7\u00f3 Biblioferit<\/a><br \/>\nEs va editar el 2014 per enc\u00e0rrec del Servei General de Biblioteques del Departament de Cultura de la Generalitat de Catalunya. La interpretaci\u00f3 de la can\u00e7\u00f3 va a c\u00e0rrec del grup musical La Tresca i la Verdesca.<\/p>\n","protected":false},"author":3,"featured_media":0,"comment_status":"open","ping_status":"closed","sticky":false,"template":"","format":"standard","meta":{"_bbp_topic_count":0,"_bbp_reply_count":0,"_bbp_total_topic_count":0,"_bbp_total_reply_count":0,"_bbp_voice_count":0,"_bbp_anonymous_reply_count":0,"_bbp_topic_count_hidden":0,"_bbp_reply_count_hidden":0,"_bbp_forum_subforum_count":0,"footnotes":""},"categories":[360],"tags":[510],"class_list":["post-9396","post","type-post","status-publish","format-standard","hentry","category-dinamitzacio-de-la-be","tag-dinamitzacio-de-la-biblioteca-escolar"],"post_mailing_queue_ids":[],"_links":{"self":[{"href":"https:\/\/serveiseducatius.xtec.cat\/bdrlectura\/wp-json\/wp\/v2\/posts\/9396","targetHints":{"allow":["GET"]}}],"collection":[{"href":"https:\/\/serveiseducatius.xtec.cat\/bdrlectura\/wp-json\/wp\/v2\/posts"}],"about":[{"href":"https:\/\/serveiseducatius.xtec.cat\/bdrlectura\/wp-json\/wp\/v2\/types\/post"}],"author":[{"embeddable":true,"href":"https:\/\/serveiseducatius.xtec.cat\/bdrlectura\/wp-json\/wp\/v2\/users\/3"}],"replies":[{"embeddable":true,"href":"https:\/\/serveiseducatius.xtec.cat\/bdrlectura\/wp-json\/wp\/v2\/comments?post=9396"}],"version-history":[{"count":3,"href":"https:\/\/serveiseducatius.xtec.cat\/bdrlectura\/wp-json\/wp\/v2\/posts\/9396\/revisions"}],"predecessor-version":[{"id":12309,"href":"https:\/\/serveiseducatius.xtec.cat\/bdrlectura\/wp-json\/wp\/v2\/posts\/9396\/revisions\/12309"}],"wp:attachment":[{"href":"https:\/\/serveiseducatius.xtec.cat\/bdrlectura\/wp-json\/wp\/v2\/media?parent=9396"}],"wp:term":[{"taxonomy":"category","embeddable":true,"href":"https:\/\/serveiseducatius.xtec.cat\/bdrlectura\/wp-json\/wp\/v2\/categories?post=9396"},{"taxonomy":"post_tag","embeddable":true,"href":"https:\/\/serveiseducatius.xtec.cat\/bdrlectura\/wp-json\/wp\/v2\/tags?post=9396"}],"curies":[{"name":"wp","href":"https:\/\/api.w.org\/{rel}","templated":true}]}}