{"id":9035,"date":"2016-09-27T18:20:54","date_gmt":"2016-09-27T17:20:54","guid":{"rendered":"http:\/\/serveiseducatius.xtec.cat\/bdrlectura\/?p=9035"},"modified":"2016-10-12T15:19:54","modified_gmt":"2016-10-12T14:19:54","slug":"grandes-clasicos-de-la-literatura-llevados-al-cine","status":"publish","type":"post","link":"https:\/\/serveiseducatius.xtec.cat\/bdrlectura\/cinema-i-literatura\/grandes-clasicos-de-la-literatura-llevados-al-cine\/","title":{"rendered":"Grandes cl\u00e1sicos de la literatura llevados al cine"},"content":{"rendered":"<h5><img loading=\"lazy\" decoding=\"async\" class=\"alignleft wp-image-9036\" src=\"http:\/\/serveiseducatius.xtec.cat\/bdrlectura\/wp-content\/uploads\/usu1339\/2016\/09\/grandesclasicos.jpg\" alt=\"grandesclasicos\" width=\"210\" height=\"141\" \/><a title=\"Grandes cl\u00e1sicos de la literatura llevados al cine\" href=\"http:\/\/www.educaciontrespuntocero.com\/recursos\/grandes-clasicos-de-la-literatura-llevados-al-cine\/21616.html?utm_source=emailcampaign906&amp;utm_medium=phpList&amp;utm_content=HTMLemail&amp;utm_campaign=Recursos+para+fomentar+la+autoestima,+apps+para+%27flippear%27+la+clase+y+m%C3%A1s+noticias\" target=\"_blank\">Grandes cl\u00e1sicos de la literatura llevados al cine<\/a><\/h5>\n<p>Aquesta selecci\u00f3 de grans cl\u00e0ssics de la literatura portats a la gran pantalla facilita el treball de les obres liter\u00e0ries amb estudiants de secund\u00e0ria i batxillerat. El cine \u00e9s una eina educativa interessant per desvetllar l&#8217;inter\u00e8s per la lectura.<\/p>\n","protected":false},"excerpt":{"rendered":"<p><a title=\"Grandes cl\u00e1sicos de la literatura llevados al cine\" href=\"http:\/\/www.educaciontrespuntocero.com\/recursos\/grandes-clasicos-de-la-literatura-llevados-al-cine\/21616.html?utm_source=emailcampaign906&amp;utm_medium=phpList&amp;utm_content=HTMLemail&amp;utm_campaign=Recursos+para+fomentar+la+autoestima,+apps+para+%27flippear%27+la+clase+y+m%C3%A1s+noticias\" target=\"_blank\">Grandes cl\u00e1sicos de la literatura llevados al cine<\/a><br \/>\nAquesta selecci\u00f3 de grans cl\u00e0ssics de la literatura portats a la gran pantalla facilita el treball de les obres liter\u00e0ries amb estudiants de secund\u00e0ria i batxillerat. El cine&hellip;  <a href=\"https:\/\/serveiseducatius.xtec.cat\/bdrlectura\/cinema-i-literatura\/grandes-clasicos-de-la-literatura-llevados-al-cine\/\" title=\"Read Grandes cl\u00e1sicos de la literatura llevados al cine\">Llegeix m\u00e9s\u00bb<\/a><\/p>\n","protected":false},"author":1,"featured_media":0,"comment_status":"closed","ping_status":"open","sticky":false,"template":"","format":"standard","meta":{"_bbp_topic_count":0,"_bbp_reply_count":0,"_bbp_total_topic_count":0,"_bbp_total_reply_count":0,"_bbp_voice_count":0,"_bbp_anonymous_reply_count":0,"_bbp_topic_count_hidden":0,"_bbp_reply_count_hidden":0,"_bbp_forum_subforum_count":0,"footnotes":""},"categories":[459],"tags":[381,382],"class_list":["post-9035","post","type-post","status-publish","format-standard","hentry","category-cinema-i-literatura","tag-literatura-i-cinema","tag-multimedia-i-audiovisuals"],"post_mailing_queue_ids":[],"_links":{"self":[{"href":"https:\/\/serveiseducatius.xtec.cat\/bdrlectura\/wp-json\/wp\/v2\/posts\/9035","targetHints":{"allow":["GET"]}}],"collection":[{"href":"https:\/\/serveiseducatius.xtec.cat\/bdrlectura\/wp-json\/wp\/v2\/posts"}],"about":[{"href":"https:\/\/serveiseducatius.xtec.cat\/bdrlectura\/wp-json\/wp\/v2\/types\/post"}],"author":[{"embeddable":true,"href":"https:\/\/serveiseducatius.xtec.cat\/bdrlectura\/wp-json\/wp\/v2\/users\/1"}],"replies":[{"embeddable":true,"href":"https:\/\/serveiseducatius.xtec.cat\/bdrlectura\/wp-json\/wp\/v2\/comments?post=9035"}],"version-history":[{"count":3,"href":"https:\/\/serveiseducatius.xtec.cat\/bdrlectura\/wp-json\/wp\/v2\/posts\/9035\/revisions"}],"predecessor-version":[{"id":10045,"href":"https:\/\/serveiseducatius.xtec.cat\/bdrlectura\/wp-json\/wp\/v2\/posts\/9035\/revisions\/10045"}],"wp:attachment":[{"href":"https:\/\/serveiseducatius.xtec.cat\/bdrlectura\/wp-json\/wp\/v2\/media?parent=9035"}],"wp:term":[{"taxonomy":"category","embeddable":true,"href":"https:\/\/serveiseducatius.xtec.cat\/bdrlectura\/wp-json\/wp\/v2\/categories?post=9035"},{"taxonomy":"post_tag","embeddable":true,"href":"https:\/\/serveiseducatius.xtec.cat\/bdrlectura\/wp-json\/wp\/v2\/tags?post=9035"}],"curies":[{"name":"wp","href":"https:\/\/api.w.org\/{rel}","templated":true}]}}