{"id":9022,"date":"2016-09-27T18:05:28","date_gmt":"2016-09-27T17:05:28","guid":{"rendered":"http:\/\/serveiseducatius.xtec.cat\/bdrlectura\/?p=9022"},"modified":"2016-10-12T15:47:55","modified_gmt":"2016-10-12T14:47:55","slug":"leer-en-casa-seis-llaves-para-potenciar-la-lectura-desde-la-familia","status":"publish","type":"post","link":"https:\/\/serveiseducatius.xtec.cat\/bdrlectura\/lectura-i-familia\/leer-en-casa-seis-llaves-para-potenciar-la-lectura-desde-la-familia\/","title":{"rendered":"Leer en casa: seis llaves para potenciar la lectura desde la familia"},"content":{"rendered":"<h5><img loading=\"lazy\" decoding=\"async\" class=\"alignleft wp-image-10048 size-full\" src=\"http:\/\/serveiseducatius.xtec.cat\/bdrlectura\/wp-content\/uploads\/usu1339\/2016\/09\/leer_en_casa.jpg\" alt=\"leer_en_casa\" width=\"210\" height=\"140\" \/><a href=\"http:\/\/www.lecturalab.org\/story.php?id=2028\" target=\"_blank\">Leer en casa: seis llaves para potenciar la lectura desde la familia<\/a><\/h5>\n<p>Animaci\u00f3 creada per Arnal Ballester, Premi Nacional d&#8217;I\u00b7lustraci\u00f3, en la qual es sintetitzen els consells fonamentals per refor\u00e7ar l&#8217;h\u00e0bit lector a l&#8217;\u00e0mbit familiar.<\/p>\n","protected":false},"excerpt":{"rendered":"<p><a href=\"http:\/\/www.lecturalab.org\/story.php?id=2028\" target=\"_blank\">Leer en casa: seis llaves para potenciar la lectura desde la familia<\/a><br \/>\nAnimaci\u00f3 creada per Arnal Ballester, Premi Nacional d&#8217;I\u00b7lustraci\u00f3, en la qual es sintetitzen els consells fonamentals per refor\u00e7ar l&#8217;h\u00e0bit lector a l&#8217;\u00e0mbit familiar.<\/p>\n","protected":false},"author":1,"featured_media":0,"comment_status":"open","ping_status":"open","sticky":false,"template":"","format":"standard","meta":{"_bbp_topic_count":0,"_bbp_reply_count":0,"_bbp_total_topic_count":0,"_bbp_total_reply_count":0,"_bbp_voice_count":0,"_bbp_anonymous_reply_count":0,"_bbp_topic_count_hidden":0,"_bbp_reply_count_hidden":0,"_bbp_forum_subforum_count":0,"footnotes":""},"categories":[460],"tags":[380],"class_list":["post-9022","post","type-post","status-publish","format-standard","hentry","category-lectura-i-familia","tag-lectura-i-familia"],"post_mailing_queue_ids":[],"_links":{"self":[{"href":"https:\/\/serveiseducatius.xtec.cat\/bdrlectura\/wp-json\/wp\/v2\/posts\/9022","targetHints":{"allow":["GET"]}}],"collection":[{"href":"https:\/\/serveiseducatius.xtec.cat\/bdrlectura\/wp-json\/wp\/v2\/posts"}],"about":[{"href":"https:\/\/serveiseducatius.xtec.cat\/bdrlectura\/wp-json\/wp\/v2\/types\/post"}],"author":[{"embeddable":true,"href":"https:\/\/serveiseducatius.xtec.cat\/bdrlectura\/wp-json\/wp\/v2\/users\/1"}],"replies":[{"embeddable":true,"href":"https:\/\/serveiseducatius.xtec.cat\/bdrlectura\/wp-json\/wp\/v2\/comments?post=9022"}],"version-history":[{"count":2,"href":"https:\/\/serveiseducatius.xtec.cat\/bdrlectura\/wp-json\/wp\/v2\/posts\/9022\/revisions"}],"predecessor-version":[{"id":10049,"href":"https:\/\/serveiseducatius.xtec.cat\/bdrlectura\/wp-json\/wp\/v2\/posts\/9022\/revisions\/10049"}],"wp:attachment":[{"href":"https:\/\/serveiseducatius.xtec.cat\/bdrlectura\/wp-json\/wp\/v2\/media?parent=9022"}],"wp:term":[{"taxonomy":"category","embeddable":true,"href":"https:\/\/serveiseducatius.xtec.cat\/bdrlectura\/wp-json\/wp\/v2\/categories?post=9022"},{"taxonomy":"post_tag","embeddable":true,"href":"https:\/\/serveiseducatius.xtec.cat\/bdrlectura\/wp-json\/wp\/v2\/tags?post=9022"}],"curies":[{"name":"wp","href":"https:\/\/api.w.org\/{rel}","templated":true}]}}