{"id":8820,"date":"2016-08-31T12:06:13","date_gmt":"2016-08-31T11:06:13","guid":{"rendered":"http:\/\/serveiseducatius.xtec.cat\/bdrlectura\/?p=8820"},"modified":"2017-07-11T12:44:23","modified_gmt":"2017-07-11T10:44:23","slug":"les-biblioteques-als-centres-educatius-de-secundaria","status":"publish","type":"post","link":"https:\/\/serveiseducatius.xtec.cat\/bdrlectura\/coneixement-de-la-biblioteca-i-de-la-seva-organitzacio\/les-biblioteques-als-centres-educatius-de-secundaria\/","title":{"rendered":"Les biblioteques als centres educatius de secund\u00e0ria"},"content":{"rendered":"<h5><img loading=\"lazy\" decoding=\"async\" class=\"alignleft wp-image-9221\" src=\"http:\/\/serveiseducatius.xtec.cat\/bdrlectura\/wp-content\/uploads\/usu1339\/2016\/08\/prova_120-2.jpg\" alt=\"prova_120\" width=\"210\" height=\"140\" \/><a title=\"Les biblioteques als centres educatius de secund\u00e0ria\" href=\"http:\/\/xtec.gencat.cat\/web\/.content\/projectes\/biblioteca\/organitzacio\/documents\/les-biblioteques-als-centres-educatius-de-secundaria-index-MU.pdf\" target=\"_blank\" rel=\"noopener noreferrer\">Les biblioteques als centres educatius de secund\u00e0ria<br \/>\n<\/a><\/h5>\n<p>Aquest document neix amb la finalitat de respondre als interrogants que es poden plantejar a l\u2019hora d\u2019engegar o revisar la biblioteca d\u2019un centre de secund\u00e0ria. Els seus apartats es corresponen als \u00e0mbits en qu\u00e8 es treballa per donar suport al Projecte Educatiu de Centre.<\/p>\n","protected":false},"excerpt":{"rendered":"<p><a title=\"Les biblioteques als centres educatius de secund\u00e0ria\" href=\"http:\/\/xtec.gencat.cat\/web\/.content\/projectes\/biblioteca\/organitzacio\/documents\/les-biblioteques-als-centres-educatius-de-secundaria-index-MU.pdf\" target=\"_blank\" rel=\"noopener noreferrer\">Les biblioteques als centres educatius de secund\u00e0ria<br \/>\n<\/a><br \/>\nAquest document neix amb la finalitat de respondre als interrogants que es poden plantejar a l\u2019hora d\u2019engegar o revisar la biblioteca d\u2019un centre de secund\u00e0ria. Els seus apartats&hellip;  <a href=\"https:\/\/serveiseducatius.xtec.cat\/bdrlectura\/coneixement-de-la-biblioteca-i-de-la-seva-organitzacio\/les-biblioteques-als-centres-educatius-de-secundaria\/\" title=\"Read Les biblioteques als centres educatius de secund\u00e0ria\">Llegeix m\u00e9s\u00bb<\/a><\/p>\n","protected":false},"author":3,"featured_media":9221,"comment_status":"open","ping_status":"closed","sticky":false,"template":"","format":"standard","meta":{"_bbp_topic_count":0,"_bbp_reply_count":0,"_bbp_total_topic_count":0,"_bbp_total_reply_count":0,"_bbp_voice_count":0,"_bbp_anonymous_reply_count":0,"_bbp_topic_count_hidden":0,"_bbp_reply_count_hidden":0,"_bbp_forum_subforum_count":0,"footnotes":""},"categories":[357],"tags":[392,449,450],"class_list":["post-8820","post","type-post","status-publish","format-standard","has-post-thumbnail","hentry","category-coneixement-de-la-biblioteca-i-de-la-seva-organitzacio","tag-concepte-be","tag-educacio-secundaria","tag-plec"],"post_mailing_queue_ids":[],"_links":{"self":[{"href":"https:\/\/serveiseducatius.xtec.cat\/bdrlectura\/wp-json\/wp\/v2\/posts\/8820","targetHints":{"allow":["GET"]}}],"collection":[{"href":"https:\/\/serveiseducatius.xtec.cat\/bdrlectura\/wp-json\/wp\/v2\/posts"}],"about":[{"href":"https:\/\/serveiseducatius.xtec.cat\/bdrlectura\/wp-json\/wp\/v2\/types\/post"}],"author":[{"embeddable":true,"href":"https:\/\/serveiseducatius.xtec.cat\/bdrlectura\/wp-json\/wp\/v2\/users\/3"}],"replies":[{"embeddable":true,"href":"https:\/\/serveiseducatius.xtec.cat\/bdrlectura\/wp-json\/wp\/v2\/comments?post=8820"}],"version-history":[{"count":4,"href":"https:\/\/serveiseducatius.xtec.cat\/bdrlectura\/wp-json\/wp\/v2\/posts\/8820\/revisions"}],"predecessor-version":[{"id":12308,"href":"https:\/\/serveiseducatius.xtec.cat\/bdrlectura\/wp-json\/wp\/v2\/posts\/8820\/revisions\/12308"}],"wp:featuredmedia":[{"embeddable":true,"href":"https:\/\/serveiseducatius.xtec.cat\/bdrlectura\/wp-json\/wp\/v2\/media\/9221"}],"wp:attachment":[{"href":"https:\/\/serveiseducatius.xtec.cat\/bdrlectura\/wp-json\/wp\/v2\/media?parent=8820"}],"wp:term":[{"taxonomy":"category","embeddable":true,"href":"https:\/\/serveiseducatius.xtec.cat\/bdrlectura\/wp-json\/wp\/v2\/categories?post=8820"},{"taxonomy":"post_tag","embeddable":true,"href":"https:\/\/serveiseducatius.xtec.cat\/bdrlectura\/wp-json\/wp\/v2\/tags?post=8820"}],"curies":[{"name":"wp","href":"https:\/\/api.w.org\/{rel}","templated":true}]}}