{"id":8320,"date":"2016-06-12T10:33:17","date_gmt":"2016-06-12T09:33:17","guid":{"rendered":"http:\/\/serveiseducatius.xtec.cat\/bdrlectura\/?p=8320"},"modified":"2016-10-10T11:05:43","modified_gmt":"2016-10-10T10:05:43","slug":"nuevas-dinamicas-para-la-biblioteca-escolar-en-la-sociedad-red","status":"publish","type":"post","link":"https:\/\/serveiseducatius.xtec.cat\/bdrlectura\/coneixement-de-la-biblioteca-i-de-la-seva-organitzacio\/nuevas-dinamicas-para-la-biblioteca-escolar-en-la-sociedad-red\/","title":{"rendered":"Nuevas din\u00e1micas para la biblioteca escolar en la sociedad red"},"content":{"rendered":"<div class=\"notc_img\"><\/div>\n<h5><img loading=\"lazy\" decoding=\"async\" class=\"wp-image-9858 size-full alignleft\" src=\"http:\/\/serveiseducatius.xtec.cat\/bdrlectura\/wp-content\/uploads\/usu1339\/2016\/06\/nuevas_dinamicas.jpg\" alt=\"nuevas_dinamicas\" width=\"210\" height=\"140\" \/><a title=\"Nuevas din\u00e1micas para la biblioteca escolar en la sociedad red\" href=\"http:\/\/www.juntadeandalucia.es\/educacion\/webportal\/web\/portal-libro-abierto\/resenas\/libros-profesionales\/-\/noticia\/detalle\/nuevas-dinamicas-para-la-biblioteca-escolar-en-la-sociedad-red-1\" target=\"_blank\">Nuevas din\u00e1micas para la biblioteca escolar en la sociedad red<\/a><\/h5>\n<p>Cinqu\u00e8 volum de la col\u00b7lecci\u00f3 DBCREA de la Consejer\u00eda de Educaci\u00f3 de la Junta de Andaluc\u00eda que pret\u00e9n mostrar el proc\u00e9s de renovaci\u00f3 de les din\u00e0miques d&#8217;actuaci\u00f3 de les biblioteques escolars, d&#8217;acord amb els temps actuals.<\/p>\n","protected":false},"excerpt":{"rendered":"<p><a title=\"Nuevas din\u00e1micas para la biblioteca escolar en la sociedad red\" href=\"http:\/\/www.juntadeandalucia.es\/educacion\/webportal\/web\/portal-libro-abierto\/resenas\/libros-profesionales\/-\/noticia\/detalle\/nuevas-dinamicas-para-la-biblioteca-escolar-en-la-sociedad-red-1\" target=\"_blank\">Nuevas din\u00e1micas para la biblioteca escolar en la sociedad red<\/a><br \/>\nCinqu\u00e8 volum de la col\u00b7lecci\u00f3 DBCREA de la Consejer\u00eda de Educaci\u00f3 de la Junta de Andaluc\u00eda que pret\u00e9n mostrar el proc\u00e9s de renovaci\u00f3 de&hellip;  <a href=\"https:\/\/serveiseducatius.xtec.cat\/bdrlectura\/coneixement-de-la-biblioteca-i-de-la-seva-organitzacio\/nuevas-dinamicas-para-la-biblioteca-escolar-en-la-sociedad-red\/\" title=\"Read Nuevas din\u00e1micas para la biblioteca escolar en la sociedad red\">Llegeix m\u00e9s\u00bb<\/a><\/p>\n","protected":false},"author":3,"featured_media":0,"comment_status":"open","ping_status":"open","sticky":false,"template":"","format":"standard","meta":{"_bbp_topic_count":0,"_bbp_reply_count":0,"_bbp_total_topic_count":0,"_bbp_total_reply_count":0,"_bbp_voice_count":0,"_bbp_anonymous_reply_count":0,"_bbp_topic_count_hidden":0,"_bbp_reply_count_hidden":0,"_bbp_forum_subforum_count":0,"footnotes":""},"categories":[357],"tags":[],"class_list":["post-8320","post","type-post","status-publish","format-standard","hentry","category-coneixement-de-la-biblioteca-i-de-la-seva-organitzacio"],"post_mailing_queue_ids":[],"_links":{"self":[{"href":"https:\/\/serveiseducatius.xtec.cat\/bdrlectura\/wp-json\/wp\/v2\/posts\/8320","targetHints":{"allow":["GET"]}}],"collection":[{"href":"https:\/\/serveiseducatius.xtec.cat\/bdrlectura\/wp-json\/wp\/v2\/posts"}],"about":[{"href":"https:\/\/serveiseducatius.xtec.cat\/bdrlectura\/wp-json\/wp\/v2\/types\/post"}],"author":[{"embeddable":true,"href":"https:\/\/serveiseducatius.xtec.cat\/bdrlectura\/wp-json\/wp\/v2\/users\/3"}],"replies":[{"embeddable":true,"href":"https:\/\/serveiseducatius.xtec.cat\/bdrlectura\/wp-json\/wp\/v2\/comments?post=8320"}],"version-history":[{"count":3,"href":"https:\/\/serveiseducatius.xtec.cat\/bdrlectura\/wp-json\/wp\/v2\/posts\/8320\/revisions"}],"predecessor-version":[{"id":9859,"href":"https:\/\/serveiseducatius.xtec.cat\/bdrlectura\/wp-json\/wp\/v2\/posts\/8320\/revisions\/9859"}],"wp:attachment":[{"href":"https:\/\/serveiseducatius.xtec.cat\/bdrlectura\/wp-json\/wp\/v2\/media?parent=8320"}],"wp:term":[{"taxonomy":"category","embeddable":true,"href":"https:\/\/serveiseducatius.xtec.cat\/bdrlectura\/wp-json\/wp\/v2\/categories?post=8320"},{"taxonomy":"post_tag","embeddable":true,"href":"https:\/\/serveiseducatius.xtec.cat\/bdrlectura\/wp-json\/wp\/v2\/tags?post=8320"}],"curies":[{"name":"wp","href":"https:\/\/api.w.org\/{rel}","templated":true}]}}