{"id":18847,"date":"2023-03-28T09:55:36","date_gmt":"2023-03-28T07:55:36","guid":{"rendered":"https:\/\/serveiseducatius.xtec.cat\/bdrlectura\/?p=18847"},"modified":"2023-03-28T09:56:13","modified_gmt":"2023-03-28T07:56:13","slug":"aixo-es-la-polla","status":"publish","type":"post","link":"https:\/\/serveiseducatius.xtec.cat\/bdrlectura\/portada\/aixo-es-la-polla\/","title":{"rendered":"Aix\u00f2 \u00e9s la polla!!"},"content":{"rendered":"<p><img loading=\"lazy\" decoding=\"async\" class=\"alignleft wp-image-18848 size-full\" src=\"https:\/\/serveiseducatius.xtec.cat\/bdrlectura\/wp-content\/uploads\/usu1339\/2023\/03\/IMG_8338-rotated-e1677599017432.jpg\" alt=\"\" width=\"210\" height=\"144\" \/><\/p>\n<h5><span style=\"font-size: 1.125em;\">Aix\u00f2 \u00e9s la polla!!\u00a0<\/span><\/h5>\n<p><a href=\"https:\/\/serveiseducatius.xtec.cat\/osona\/recursos\/catalegs-tematics\/coeducacio\/aixo-es-la-polla\/\" target=\"_blank\" rel=\"noopener\">Maleta pedag\u00f2gica<\/a> del SE d&#8217;Osona, per con\u00e8ixer i aprofundir en la sexualitat masculina a trav\u00e9s de lectures, v\u00eddeos, models anat\u00f2mics i material per als docents. Maleta i propostes pensades per alumnat d&#8217;Educaci\u00f3 prim\u00e0ria, d&#8217;Educaci\u00f3 Secund\u00e0ria i de Batxillerat.<\/p>\n","protected":false},"excerpt":{"rendered":"<p>Aix\u00f2 \u00e9s la polla!!\u00a0<br \/>\n<a href=\"https:\/\/serveiseducatius.xtec.cat\/osona\/recursos\/catalegs-tematics\/coeducacio\/aixo-es-la-polla\/\" target=\"_blank\" rel=\"noopener\">Maleta pedag\u00f2gica<\/a> del SE d&#8217;Osona, per con\u00e8ixer i aprofundir en la sexualitat masculina a trav\u00e9s de lectures, v\u00eddeos, models anat\u00f2mics i material per als docents. Maleta i propostes pensades per alumnat d&#8217;Educaci\u00f3 prim\u00e0ria, d&#8217;Educaci\u00f3 Secund\u00e0ria i de Batxillerat.<\/p>\n","protected":false},"author":92,"featured_media":0,"comment_status":"open","ping_status":"closed","sticky":false,"template":"","format":"standard","meta":{"_bbp_topic_count":0,"_bbp_reply_count":0,"_bbp_total_topic_count":0,"_bbp_total_reply_count":0,"_bbp_voice_count":0,"_bbp_anonymous_reply_count":0,"_bbp_topic_count_hidden":0,"_bbp_reply_count_hidden":0,"_bbp_forum_subforum_count":0,"footnotes":""},"categories":[892,262,312],"tags":[423,439,433],"class_list":["post-18847","post","type-post","status-publish","format-standard","hentry","category-maletes-de-co-educacio","category-portada","category-recursos-dels-crp","tag-bibliomaleta","tag-coeducacio","tag-llibres-de-coneixements"],"post_mailing_queue_ids":[],"_links":{"self":[{"href":"https:\/\/serveiseducatius.xtec.cat\/bdrlectura\/wp-json\/wp\/v2\/posts\/18847","targetHints":{"allow":["GET"]}}],"collection":[{"href":"https:\/\/serveiseducatius.xtec.cat\/bdrlectura\/wp-json\/wp\/v2\/posts"}],"about":[{"href":"https:\/\/serveiseducatius.xtec.cat\/bdrlectura\/wp-json\/wp\/v2\/types\/post"}],"author":[{"embeddable":true,"href":"https:\/\/serveiseducatius.xtec.cat\/bdrlectura\/wp-json\/wp\/v2\/users\/92"}],"replies":[{"embeddable":true,"href":"https:\/\/serveiseducatius.xtec.cat\/bdrlectura\/wp-json\/wp\/v2\/comments?post=18847"}],"version-history":[{"count":1,"href":"https:\/\/serveiseducatius.xtec.cat\/bdrlectura\/wp-json\/wp\/v2\/posts\/18847\/revisions"}],"predecessor-version":[{"id":18849,"href":"https:\/\/serveiseducatius.xtec.cat\/bdrlectura\/wp-json\/wp\/v2\/posts\/18847\/revisions\/18849"}],"wp:attachment":[{"href":"https:\/\/serveiseducatius.xtec.cat\/bdrlectura\/wp-json\/wp\/v2\/media?parent=18847"}],"wp:term":[{"taxonomy":"category","embeddable":true,"href":"https:\/\/serveiseducatius.xtec.cat\/bdrlectura\/wp-json\/wp\/v2\/categories?post=18847"},{"taxonomy":"post_tag","embeddable":true,"href":"https:\/\/serveiseducatius.xtec.cat\/bdrlectura\/wp-json\/wp\/v2\/tags?post=18847"}],"curies":[{"name":"wp","href":"https:\/\/api.w.org\/{rel}","templated":true}]}}