{"id":18813,"date":"2023-03-23T12:29:46","date_gmt":"2023-03-23T11:29:46","guid":{"rendered":"https:\/\/serveiseducatius.xtec.cat\/bdrlectura\/?p=18813"},"modified":"2023-03-23T13:13:48","modified_gmt":"2023-03-23T12:13:48","slug":"maleta-som-visuals-lectures-amb-pictogrames","status":"publish","type":"post","link":"https:\/\/serveiseducatius.xtec.cat\/bdrlectura\/portada\/maleta-som-visuals-lectures-amb-pictogrames\/","title":{"rendered":"Maleta Som Visuals: lectures amb pictogrames"},"content":{"rendered":"<p><img loading=\"lazy\" decoding=\"async\" class=\"alignleft wp-image-18820\" src=\"https:\/\/serveiseducatius.xtec.cat\/bdrlectura\/wp-content\/uploads\/usu1339\/2023\/03\/SOM-VISUALS-I-ORALITAT-250-\u00d7-132-mm-210-\u00d7-140-mm-1024x682.png\" alt=\"\" width=\"210\" height=\"140\" srcset=\"https:\/\/serveiseducatius.xtec.cat\/bdrlectura\/wp-content\/uploads\/usu1339\/2023\/03\/SOM-VISUALS-I-ORALITAT-250-\u00d7-132-mm-210-\u00d7-140-mm-1024x682.png 1024w, https:\/\/serveiseducatius.xtec.cat\/bdrlectura\/wp-content\/uploads\/usu1339\/2023\/03\/SOM-VISUALS-I-ORALITAT-250-\u00d7-132-mm-210-\u00d7-140-mm-300x200.png 300w, https:\/\/serveiseducatius.xtec.cat\/bdrlectura\/wp-content\/uploads\/usu1339\/2023\/03\/SOM-VISUALS-I-ORALITAT-250-\u00d7-132-mm-210-\u00d7-140-mm-768x512.png 768w, https:\/\/serveiseducatius.xtec.cat\/bdrlectura\/wp-content\/uploads\/usu1339\/2023\/03\/SOM-VISUALS-I-ORALITAT-250-\u00d7-132-mm-210-\u00d7-140-mm-1536x1024.png 1536w, https:\/\/serveiseducatius.xtec.cat\/bdrlectura\/wp-content\/uploads\/usu1339\/2023\/03\/SOM-VISUALS-I-ORALITAT-250-\u00d7-132-mm-210-\u00d7-140-mm.png 2000w\" sizes=\"auto, (max-width: 210px) 100vw, 210px\" \/><\/p>\n<h5><a href=\"https:\/\/sites.google.com\/xtec.cat\/maletes-noguera\/%C3%A0mbits\/som-visuals?authuser=0\" target=\"_blank\" rel=\"noopener\">Maleta Som Visuals: lectures amb pictogrames<\/a><\/h5>\n<p>Som Visuals \u00e9s una maleta de recursos per a l&#8217;alumnat que accedeixen a l&#8217;aprenentatge i al seu entorn a trav\u00e9s del m\u00f3n visual. Aquesta maleta consisteix en tres blocs de recursos diferenciats: <a href=\"https:\/\/sites.google.com\/xtec.cat\/maletes-noguera\/%C3%A0mbits\/som-visuals\/lectures-amb-pictogrames?authuser=0\" target=\"_blank\" rel=\"noopener\">Lectures amb pictogrames<\/a>, <a href=\"https:\/\/sites.google.com\/xtec.cat\/som-visuals\/p%C3%A0gina-inicial\" target=\"_blank\" rel=\"noopener\">Sites de recursos en l\u00ednia<\/a> i <a href=\"https:\/\/sites.google.com\/xtec.cat\/maletes-noguera\/%C3%A0mbits\/som-visuals\/materials-de-mostra-en-f%C3%ADsic?authuser=0\" target=\"_blank\" rel=\"noopener\">Material de mostra en f\u00edsic<\/a>.<\/p>\n<p>&nbsp;<\/p>\n","protected":false},"excerpt":{"rendered":"<p><a href=\"https:\/\/sites.google.com\/xtec.cat\/maletes-noguera\/%C3%A0mbits\/som-visuals?authuser=0\" target=\"_blank\" rel=\"noopener\">Maleta Som Visuals: lectures amb pictogrames<\/a><br \/>\nSom Visuals \u00e9s una maleta de recursos per a l&#8217;alumnat que accedeixen a l&#8217;aprenentatge i al seu entorn a trav\u00e9s del m\u00f3n visual. Aquesta maleta consisteix en tres blocs de recursos diferenciats: <a href=\"https:\/\/sites.google.com\/xtec.cat\/maletes-noguera\/%C3%A0mbits\/som-visuals\/lectures-amb-pictogrames?authuser=0\" target=\"_blank\" rel=\"noopener\">Lectures amb&hellip;  <a href=\"https:\/\/serveiseducatius.xtec.cat\/bdrlectura\/portada\/maleta-som-visuals-lectures-amb-pictogrames\/\" title=\"Read Maleta Som Visuals: lectures amb pictogrames\">Llegeix m\u00e9s\u00bb<\/a><\/p>\n","protected":false},"author":99,"featured_media":0,"comment_status":"open","ping_status":"closed","sticky":false,"template":"","format":"standard","meta":{"_bbp_topic_count":0,"_bbp_reply_count":0,"_bbp_total_topic_count":0,"_bbp_total_reply_count":0,"_bbp_voice_count":0,"_bbp_anonymous_reply_count":0,"_bbp_topic_count_hidden":0,"_bbp_reply_count_hidden":0,"_bbp_forum_subforum_count":0,"footnotes":""},"categories":[421,262,312],"tags":[],"class_list":["post-18813","post","type-post","status-publish","format-standard","hentry","category-maletes-tematiques","category-portada","category-recursos-dels-crp"],"post_mailing_queue_ids":[],"_links":{"self":[{"href":"https:\/\/serveiseducatius.xtec.cat\/bdrlectura\/wp-json\/wp\/v2\/posts\/18813","targetHints":{"allow":["GET"]}}],"collection":[{"href":"https:\/\/serveiseducatius.xtec.cat\/bdrlectura\/wp-json\/wp\/v2\/posts"}],"about":[{"href":"https:\/\/serveiseducatius.xtec.cat\/bdrlectura\/wp-json\/wp\/v2\/types\/post"}],"author":[{"embeddable":true,"href":"https:\/\/serveiseducatius.xtec.cat\/bdrlectura\/wp-json\/wp\/v2\/users\/99"}],"replies":[{"embeddable":true,"href":"https:\/\/serveiseducatius.xtec.cat\/bdrlectura\/wp-json\/wp\/v2\/comments?post=18813"}],"version-history":[{"count":2,"href":"https:\/\/serveiseducatius.xtec.cat\/bdrlectura\/wp-json\/wp\/v2\/posts\/18813\/revisions"}],"predecessor-version":[{"id":18830,"href":"https:\/\/serveiseducatius.xtec.cat\/bdrlectura\/wp-json\/wp\/v2\/posts\/18813\/revisions\/18830"}],"wp:attachment":[{"href":"https:\/\/serveiseducatius.xtec.cat\/bdrlectura\/wp-json\/wp\/v2\/media?parent=18813"}],"wp:term":[{"taxonomy":"category","embeddable":true,"href":"https:\/\/serveiseducatius.xtec.cat\/bdrlectura\/wp-json\/wp\/v2\/categories?post=18813"},{"taxonomy":"post_tag","embeddable":true,"href":"https:\/\/serveiseducatius.xtec.cat\/bdrlectura\/wp-json\/wp\/v2\/tags?post=18813"}],"curies":[{"name":"wp","href":"https:\/\/api.w.org\/{rel}","templated":true}]}}