{"id":18811,"date":"2023-03-23T12:56:20","date_gmt":"2023-03-23T11:56:20","guid":{"rendered":"https:\/\/serveiseducatius.xtec.cat\/bdrlectura\/?p=18811"},"modified":"2023-03-23T13:11:58","modified_gmt":"2023-03-23T12:11:58","slug":"festival-lletra-petita-de-literatura-infantil-i-juvenil-de-lleida","status":"publish","type":"post","link":"https:\/\/serveiseducatius.xtec.cat\/bdrlectura\/general\/festival-lletra-petita-de-literatura-infantil-i-juvenil-de-lleida\/","title":{"rendered":"Festival Lletra Petita de literatura infantil i juvenil de Lleida"},"content":{"rendered":"<h5><span style=\"font-size: 1.125em;\"><img loading=\"lazy\" decoding=\"async\" class=\"wp-image-18831 alignleft\" src=\"https:\/\/serveiseducatius.xtec.cat\/bdrlectura\/wp-content\/uploads\/usu1339\/2023\/03\/Articles-BDR-MODEL-1024x682.jpg\" alt=\"\" width=\"210\" height=\"140\" srcset=\"https:\/\/serveiseducatius.xtec.cat\/bdrlectura\/wp-content\/uploads\/usu1339\/2023\/03\/Articles-BDR-MODEL-1024x682.jpg 1024w, https:\/\/serveiseducatius.xtec.cat\/bdrlectura\/wp-content\/uploads\/usu1339\/2023\/03\/Articles-BDR-MODEL-300x200.jpg 300w, https:\/\/serveiseducatius.xtec.cat\/bdrlectura\/wp-content\/uploads\/usu1339\/2023\/03\/Articles-BDR-MODEL-768x512.jpg 768w, https:\/\/serveiseducatius.xtec.cat\/bdrlectura\/wp-content\/uploads\/usu1339\/2023\/03\/Articles-BDR-MODEL-1536x1024.jpg 1536w, https:\/\/serveiseducatius.xtec.cat\/bdrlectura\/wp-content\/uploads\/usu1339\/2023\/03\/Articles-BDR-MODEL.jpg 2000w\" sizes=\"auto, (max-width: 210px) 100vw, 210px\" \/>F<\/span><span style=\"font-size: 1.125em;\">estival Lletra Petita de literatura infantil i juvenil de Lleida<\/span><\/h5>\n<p>1r Festival de Literatura infantil i Juvenil de Lleida, coincidint amb la celebraci\u00f3 de l\u2019Any Vallverd\u00fa.<\/p>\n<p>Es preveu una jornada d\u2019activitats que van des de tallers, un mercat, un rac\u00f3 de lectura\u2026 i una jornada per a professionals.\u00a0 Va adre\u00e7ada a mestres, bibliotec\u00e0ries i p\u00fablic en general interessat en el foment lector i la literatura infantil i juvenil. Trobareu tota la informaci\u00f3 <a href=\"https:\/\/lletrapetita.paeria.cat\/\" target=\"_blank\" rel=\"noopener\">aqu\u00ed<\/a>.<\/p>\n","protected":false},"excerpt":{"rendered":"<p>Festival Lletra Petita de literatura infantil i juvenil de Lleida<br \/>\n1r Festival de Literatura infantil i Juvenil de Lleida, coincidint amb la celebraci\u00f3 de l\u2019Any Vallverd\u00fa.<br \/>\nEs preveu una jornada d\u2019activitats que van des de tallers, un mercat, un rac\u00f3 de lectura\u2026 i una jornada per a&hellip;  <a href=\"https:\/\/serveiseducatius.xtec.cat\/bdrlectura\/general\/festival-lletra-petita-de-literatura-infantil-i-juvenil-de-lleida\/\" title=\"Read Festival Lletra Petita de literatura infantil i juvenil de Lleida\">Llegeix m\u00e9s\u00bb<\/a><\/p>\n","protected":false},"author":46,"featured_media":0,"comment_status":"open","ping_status":"closed","sticky":false,"template":"","format":"standard","meta":{"_bbp_topic_count":0,"_bbp_reply_count":0,"_bbp_total_topic_count":0,"_bbp_total_reply_count":0,"_bbp_voice_count":0,"_bbp_anonymous_reply_count":0,"_bbp_topic_count_hidden":0,"_bbp_reply_count_hidden":0,"_bbp_forum_subforum_count":0,"footnotes":""},"categories":[797,327,1,262,455],"tags":[609,407,454],"class_list":["post-18811","post","type-post","status-publish","format-standard","hentry","category-autores-i-autors","category-educacio-literaria","category-general","category-portada","category-promocio-de-la-lectura","tag-activitats-didactiques","tag-autores-i-autors","tag-literatura-infantil-i-juvenil"],"post_mailing_queue_ids":[],"_links":{"self":[{"href":"https:\/\/serveiseducatius.xtec.cat\/bdrlectura\/wp-json\/wp\/v2\/posts\/18811","targetHints":{"allow":["GET"]}}],"collection":[{"href":"https:\/\/serveiseducatius.xtec.cat\/bdrlectura\/wp-json\/wp\/v2\/posts"}],"about":[{"href":"https:\/\/serveiseducatius.xtec.cat\/bdrlectura\/wp-json\/wp\/v2\/types\/post"}],"author":[{"embeddable":true,"href":"https:\/\/serveiseducatius.xtec.cat\/bdrlectura\/wp-json\/wp\/v2\/users\/46"}],"replies":[{"embeddable":true,"href":"https:\/\/serveiseducatius.xtec.cat\/bdrlectura\/wp-json\/wp\/v2\/comments?post=18811"}],"version-history":[{"count":2,"href":"https:\/\/serveiseducatius.xtec.cat\/bdrlectura\/wp-json\/wp\/v2\/posts\/18811\/revisions"}],"predecessor-version":[{"id":18832,"href":"https:\/\/serveiseducatius.xtec.cat\/bdrlectura\/wp-json\/wp\/v2\/posts\/18811\/revisions\/18832"}],"wp:attachment":[{"href":"https:\/\/serveiseducatius.xtec.cat\/bdrlectura\/wp-json\/wp\/v2\/media?parent=18811"}],"wp:term":[{"taxonomy":"category","embeddable":true,"href":"https:\/\/serveiseducatius.xtec.cat\/bdrlectura\/wp-json\/wp\/v2\/categories?post=18811"},{"taxonomy":"post_tag","embeddable":true,"href":"https:\/\/serveiseducatius.xtec.cat\/bdrlectura\/wp-json\/wp\/v2\/tags?post=18811"}],"curies":[{"name":"wp","href":"https:\/\/api.w.org\/{rel}","templated":true}]}}