{"id":17909,"date":"2022-05-02T15:44:05","date_gmt":"2022-05-02T13:44:05","guid":{"rendered":"https:\/\/serveiseducatius.xtec.cat\/bdrlectura\/?p=17909"},"modified":"2023-01-19T13:32:15","modified_gmt":"2023-01-19T12:32:15","slug":"comic-a-laula-maleta-pedagogica-digital","status":"publish","type":"post","link":"https:\/\/serveiseducatius.xtec.cat\/bdrlectura\/general\/comic-a-laula-maleta-pedagogica-digital\/","title":{"rendered":"C\u00f2mic a l&#8217;aula: maleta pedag\u00f2gica digital"},"content":{"rendered":"<h5><img loading=\"lazy\" decoding=\"async\" class=\"wp-image-17910 size-full alignleft\" src=\"https:\/\/serveiseducatius.xtec.cat\/bdrlectura\/wp-content\/uploads\/usu1339\/2022\/05\/maleta-Comic-a-lAula.jpg\" alt=\"\" width=\"210\" height=\"157\" srcset=\"https:\/\/serveiseducatius.xtec.cat\/bdrlectura\/wp-content\/uploads\/usu1339\/2022\/05\/maleta-Comic-a-lAula.jpg 210w, https:\/\/serveiseducatius.xtec.cat\/bdrlectura\/wp-content\/uploads\/usu1339\/2022\/05\/maleta-Comic-a-lAula-200x150.jpg 200w\" sizes=\"auto, (max-width: 210px) 100vw, 210px\" \/><a href=\"https:\/\/sites.google.com\/a\/xtec.cat\/se_pladelestany\/c%C3%B2mic-a-laula-versi%C3%B3-digital?authuser=0\" target=\"_blank\" rel=\"noopener\">C\u00f2mic a l&#8217;aula: maleta pedag\u00f2gica digital<\/a><\/h5>\n<p>Del Pla de l&#8217;Estany, ens arriba aquesta maleta pedag\u00f2gica digital, amb enlla\u00e7os, recursos, propostes, lectures&#8230; per treballar el llenguatge, tant gr\u00e0fic com textual del c\u00f2mic a les aules.<br \/>\nPodeu consultar els materials, descarregar-los, treballar-los i, sobretot, gaudir-los!<\/p>\n<p>(La imatge correspon a la maleta pedag\u00f2gica C\u00f2mics a l&#8217;aula -f\u00edsica-).<\/p>\n","protected":false},"excerpt":{"rendered":"<p><a href=\"https:\/\/sites.google.com\/a\/xtec.cat\/se_pladelestany\/c%C3%B2mic-a-laula-versi%C3%B3-digital?authuser=0\" target=\"_blank\" rel=\"noopener\">C\u00f2mic a l&#8217;aula: maleta pedag\u00f2gica digital<\/a><br \/>\nDel Pla de l&#8217;Estany, ens arriba aquesta maleta pedag\u00f2gica digital, amb enlla\u00e7os, recursos, propostes, lectures&#8230; per treballar el llenguatge, tant gr\u00e0fic com textual del c\u00f2mic a les aules.<br \/>\nPodeu consultar els materials, descarregar-los, treballar-los i, sobretot, gaudir-los!<br \/>\n(La imatge&hellip;  <a href=\"https:\/\/serveiseducatius.xtec.cat\/bdrlectura\/general\/comic-a-laula-maleta-pedagogica-digital\/\" title=\"Read C\u00f2mic a l&#8217;aula: maleta pedag\u00f2gica digital\">Llegeix m\u00e9s\u00bb<\/a><\/p>\n","protected":false},"author":92,"featured_media":0,"comment_status":"open","ping_status":"closed","sticky":false,"template":"","format":"standard","meta":{"_bbp_topic_count":0,"_bbp_reply_count":0,"_bbp_total_topic_count":0,"_bbp_total_reply_count":0,"_bbp_voice_count":0,"_bbp_anonymous_reply_count":0,"_bbp_topic_count_hidden":0,"_bbp_reply_count_hidden":0,"_bbp_forum_subforum_count":0,"footnotes":""},"categories":[457,1,421],"tags":[803,387,583,716],"class_list":["post-17909","post","type-post","status-publish","format-standard","hentry","category-comic","category-general","category-maletes-tematiques","tag-comics","tag-dinamitzacio-de-la-lectura","tag-promocio-de-la-lectura","tag-propostes-didactiques"],"post_mailing_queue_ids":[],"_links":{"self":[{"href":"https:\/\/serveiseducatius.xtec.cat\/bdrlectura\/wp-json\/wp\/v2\/posts\/17909","targetHints":{"allow":["GET"]}}],"collection":[{"href":"https:\/\/serveiseducatius.xtec.cat\/bdrlectura\/wp-json\/wp\/v2\/posts"}],"about":[{"href":"https:\/\/serveiseducatius.xtec.cat\/bdrlectura\/wp-json\/wp\/v2\/types\/post"}],"author":[{"embeddable":true,"href":"https:\/\/serveiseducatius.xtec.cat\/bdrlectura\/wp-json\/wp\/v2\/users\/92"}],"replies":[{"embeddable":true,"href":"https:\/\/serveiseducatius.xtec.cat\/bdrlectura\/wp-json\/wp\/v2\/comments?post=17909"}],"version-history":[{"count":5,"href":"https:\/\/serveiseducatius.xtec.cat\/bdrlectura\/wp-json\/wp\/v2\/posts\/17909\/revisions"}],"predecessor-version":[{"id":17932,"href":"https:\/\/serveiseducatius.xtec.cat\/bdrlectura\/wp-json\/wp\/v2\/posts\/17909\/revisions\/17932"}],"wp:attachment":[{"href":"https:\/\/serveiseducatius.xtec.cat\/bdrlectura\/wp-json\/wp\/v2\/media?parent=17909"}],"wp:term":[{"taxonomy":"category","embeddable":true,"href":"https:\/\/serveiseducatius.xtec.cat\/bdrlectura\/wp-json\/wp\/v2\/categories?post=17909"},{"taxonomy":"post_tag","embeddable":true,"href":"https:\/\/serveiseducatius.xtec.cat\/bdrlectura\/wp-json\/wp\/v2\/tags?post=17909"}],"curies":[{"name":"wp","href":"https:\/\/api.w.org\/{rel}","templated":true}]}}