{"id":17767,"date":"2022-04-05T21:04:51","date_gmt":"2022-04-05T19:04:51","guid":{"rendered":"https:\/\/serveiseducatius.xtec.cat\/bdrlectura\/?p=17767"},"modified":"2022-11-14T13:52:05","modified_gmt":"2022-11-14T12:52:05","slug":"la-poesia-a-laula","status":"publish","type":"post","link":"https:\/\/serveiseducatius.xtec.cat\/bdrlectura\/competencia-lectora\/la-poesia-a-laula\/","title":{"rendered":"La Poesia a l&#8217;aula"},"content":{"rendered":"<h5><a href=\"https:\/\/serveiseducatius.xtec.cat\/bdrlectura\/wp-content\/uploads\/usu1339\/2022\/04\/poesia-aula.png-redimensionada.png\"><img loading=\"lazy\" decoding=\"async\" class=\"alignnone size-full wp-image-17769 alignleft\" src=\"https:\/\/serveiseducatius.xtec.cat\/bdrlectura\/wp-content\/uploads\/usu1339\/2022\/04\/poesia-aula.png-redimensionada.png\" alt=\"\" width=\"197\" height=\"140\" \/><\/a><a href=\"https:\/\/natibergada.cat\/recursos-poesia-aula\/\">La Poesia a l&#8217;aula<\/a><\/h5>\n<p>Aquest bloc de Nati Bergada, ens facilita recursos i activitats\u00a0 per treballar la poesia amb els infants i joves. Treballar la poesia aporta molts beneficis als infants i joves: potencia la creativitat, la mem\u00f2ria, la sensibilitat, la imaginaci\u00f3, la flu\u00efdesa i la comprensi\u00f3 lectora, l\u2019expressi\u00f3 oral, l\u2019adquisici\u00f3 de vocabulari, permet obrir molts camps d\u2019aprenentatge i ampliar la mirada dels infants i joves.<\/p>\n","protected":false},"excerpt":{"rendered":"<p><a href=\"https:\/\/serveiseducatius.xtec.cat\/bdrlectura\/wp-content\/uploads\/usu1339\/2022\/04\/poesia-aula.png-redimensionada.png\"><\/a><a href=\"https:\/\/natibergada.cat\/recursos-poesia-aula\/\">La Poesia a l&#8217;aula<\/a><br \/>\nAquest bloc de Nati Bergada, ens facilita recursos i activitats\u00a0 per treballar la poesia amb els infants i joves. Treballar la poesia aporta molts beneficis als infants i joves: potencia la creativitat, la mem\u00f2ria, la sensibilitat, la imaginaci\u00f3, la flu\u00efdesa&hellip;  <a href=\"https:\/\/serveiseducatius.xtec.cat\/bdrlectura\/competencia-lectora\/la-poesia-a-laula\/\" title=\"Read La Poesia a l&#8217;aula\">Llegeix m\u00e9s\u00bb<\/a><\/p>\n","protected":false},"author":91,"featured_media":0,"comment_status":"open","ping_status":"closed","sticky":false,"template":"","format":"standard","meta":{"_bbp_topic_count":0,"_bbp_reply_count":0,"_bbp_total_topic_count":0,"_bbp_total_reply_count":0,"_bbp_voice_count":0,"_bbp_anonymous_reply_count":0,"_bbp_topic_count_hidden":0,"_bbp_reply_count_hidden":0,"_bbp_forum_subforum_count":0,"footnotes":""},"categories":[299,461,677],"tags":[609,527,386],"class_list":["post-17767","post","type-post","status-publish","format-standard","hentry","category-competencia-lectora","category-poesia-i-teatre","category-webs-tematics","tag-activitats-didactiques","tag-blocs-i-webs","tag-poesia"],"post_mailing_queue_ids":[],"_links":{"self":[{"href":"https:\/\/serveiseducatius.xtec.cat\/bdrlectura\/wp-json\/wp\/v2\/posts\/17767","targetHints":{"allow":["GET"]}}],"collection":[{"href":"https:\/\/serveiseducatius.xtec.cat\/bdrlectura\/wp-json\/wp\/v2\/posts"}],"about":[{"href":"https:\/\/serveiseducatius.xtec.cat\/bdrlectura\/wp-json\/wp\/v2\/types\/post"}],"author":[{"embeddable":true,"href":"https:\/\/serveiseducatius.xtec.cat\/bdrlectura\/wp-json\/wp\/v2\/users\/91"}],"replies":[{"embeddable":true,"href":"https:\/\/serveiseducatius.xtec.cat\/bdrlectura\/wp-json\/wp\/v2\/comments?post=17767"}],"version-history":[{"count":3,"href":"https:\/\/serveiseducatius.xtec.cat\/bdrlectura\/wp-json\/wp\/v2\/posts\/17767\/revisions"}],"predecessor-version":[{"id":17779,"href":"https:\/\/serveiseducatius.xtec.cat\/bdrlectura\/wp-json\/wp\/v2\/posts\/17767\/revisions\/17779"}],"wp:attachment":[{"href":"https:\/\/serveiseducatius.xtec.cat\/bdrlectura\/wp-json\/wp\/v2\/media?parent=17767"}],"wp:term":[{"taxonomy":"category","embeddable":true,"href":"https:\/\/serveiseducatius.xtec.cat\/bdrlectura\/wp-json\/wp\/v2\/categories?post=17767"},{"taxonomy":"post_tag","embeddable":true,"href":"https:\/\/serveiseducatius.xtec.cat\/bdrlectura\/wp-json\/wp\/v2\/tags?post=17767"}],"curies":[{"name":"wp","href":"https:\/\/api.w.org\/{rel}","templated":true}]}}