{"id":17759,"date":"2022-04-05T20:58:47","date_gmt":"2022-04-05T18:58:47","guid":{"rendered":"https:\/\/serveiseducatius.xtec.cat\/bdrlectura\/?p=17759"},"modified":"2022-12-12T16:41:53","modified_gmt":"2022-12-12T15:41:53","slug":"el-garbell-24","status":"publish","type":"post","link":"https:\/\/serveiseducatius.xtec.cat\/bdrlectura\/general\/el-garbell-24\/","title":{"rendered":"El Garbell 24"},"content":{"rendered":"<h5><a href=\"https:\/\/serveiseducatius.xtec.cat\/bdrlectura\/wp-content\/uploads\/usu1339\/2022\/04\/Portada-Garbell-24-imatge-1-redimensionada.jpg\"><img loading=\"lazy\" decoding=\"async\" class=\"size-full wp-image-17762 alignleft\" src=\"https:\/\/serveiseducatius.xtec.cat\/bdrlectura\/wp-content\/uploads\/usu1339\/2022\/04\/Portada-Garbell-24-imatge-1-redimensionada.jpg\" alt=\"\" width=\"210\" height=\"140\" \/><\/a> <a href=\"https:\/\/www.rosasensat.org\/biblioteca\/recursos\/el-garbell\/el-garbell-num-24-primavera-2022\/\">El Garbell 24<\/a><\/h5>\n<p>Publicaci\u00f3 del n\u00famero 24 del butllet\u00ed editat pel <a href=\"https:\/\/www.rosasensat.org\/wp-content\/uploads\/2022\/04\/Garbell-primavera.pdf\">Seminari de Bibliografia Infantil i Juvenil<\/a> de Rosa Sensat amb una selecci\u00f3 de novetats i recomanacions que pel seu inter\u00e8s i per la seva qualitat poden facilitar lectures a infants i joves, des de l&#8217;educaci\u00f3 infantil a batxillerat, i formar part de la biblioteca escolar ( Primavera 2022).<\/p>\n","protected":false},"excerpt":{"rendered":"<p><a href=\"https:\/\/serveiseducatius.xtec.cat\/bdrlectura\/wp-content\/uploads\/usu1339\/2022\/04\/Portada-Garbell-24-imatge-1-redimensionada.jpg\"><\/a> <a href=\"https:\/\/www.rosasensat.org\/biblioteca\/recursos\/el-garbell\/el-garbell-num-24-primavera-2022\/\">El Garbell 24<\/a><br \/>\nPublicaci\u00f3 del n\u00famero 24 del butllet\u00ed editat pel <a href=\"https:\/\/www.rosasensat.org\/wp-content\/uploads\/2022\/04\/Garbell-primavera.pdf\">Seminari de Bibliografia Infantil i Juvenil<\/a> de Rosa Sensat amb una selecci\u00f3 de novetats i recomanacions que pel seu inter\u00e8s i per la seva qualitat poden facilitar lectures a infants i&hellip;  <a href=\"https:\/\/serveiseducatius.xtec.cat\/bdrlectura\/general\/el-garbell-24\/\" title=\"Read El Garbell 24\">Llegeix m\u00e9s\u00bb<\/a><\/p>\n","protected":false},"author":91,"featured_media":0,"comment_status":"open","ping_status":"closed","sticky":false,"template":"","format":"standard","meta":{"_bbp_topic_count":0,"_bbp_reply_count":0,"_bbp_total_topic_count":0,"_bbp_total_reply_count":0,"_bbp_voice_count":0,"_bbp_anonymous_reply_count":0,"_bbp_topic_count_hidden":0,"_bbp_reply_count_hidden":0,"_bbp_forum_subforum_count":0,"footnotes":""},"categories":[1],"tags":[404,454,475,555],"class_list":["post-17759","post","type-post","status-publish","format-standard","hentry","category-general","tag-el-garbell","tag-literatura-infantil-i-juvenil","tag-novetats-bibliografiques","tag-recomanacions-literaries"],"post_mailing_queue_ids":[],"_links":{"self":[{"href":"https:\/\/serveiseducatius.xtec.cat\/bdrlectura\/wp-json\/wp\/v2\/posts\/17759","targetHints":{"allow":["GET"]}}],"collection":[{"href":"https:\/\/serveiseducatius.xtec.cat\/bdrlectura\/wp-json\/wp\/v2\/posts"}],"about":[{"href":"https:\/\/serveiseducatius.xtec.cat\/bdrlectura\/wp-json\/wp\/v2\/types\/post"}],"author":[{"embeddable":true,"href":"https:\/\/serveiseducatius.xtec.cat\/bdrlectura\/wp-json\/wp\/v2\/users\/91"}],"replies":[{"embeddable":true,"href":"https:\/\/serveiseducatius.xtec.cat\/bdrlectura\/wp-json\/wp\/v2\/comments?post=17759"}],"version-history":[{"count":3,"href":"https:\/\/serveiseducatius.xtec.cat\/bdrlectura\/wp-json\/wp\/v2\/posts\/17759\/revisions"}],"predecessor-version":[{"id":18517,"href":"https:\/\/serveiseducatius.xtec.cat\/bdrlectura\/wp-json\/wp\/v2\/posts\/17759\/revisions\/18517"}],"wp:attachment":[{"href":"https:\/\/serveiseducatius.xtec.cat\/bdrlectura\/wp-json\/wp\/v2\/media?parent=17759"}],"wp:term":[{"taxonomy":"category","embeddable":true,"href":"https:\/\/serveiseducatius.xtec.cat\/bdrlectura\/wp-json\/wp\/v2\/categories?post=17759"},{"taxonomy":"post_tag","embeddable":true,"href":"https:\/\/serveiseducatius.xtec.cat\/bdrlectura\/wp-json\/wp\/v2\/tags?post=17759"}],"curies":[{"name":"wp","href":"https:\/\/api.w.org\/{rel}","templated":true}]}}