{"id":17013,"date":"2021-03-23T12:33:12","date_gmt":"2021-03-23T11:33:12","guid":{"rendered":"http:\/\/serveiseducatius.xtec.cat\/bdrlectura\/?p=17013"},"modified":"2022-11-18T12:47:39","modified_gmt":"2022-11-18T11:47:39","slug":"el-diario-de-ana-frank-para-fomentar-la-lectura-juvenil-en-epoca-de-pandemia","status":"publish","type":"post","link":"https:\/\/serveiseducatius.xtec.cat\/bdrlectura\/pla-de-lectura\/el-diario-de-ana-frank-para-fomentar-la-lectura-juvenil-en-epoca-de-pandemia\/","title":{"rendered":"El Diario de Ana Frank\u2019 para fomentar la lectura juvenil en \u00e9poca de pandemia"},"content":{"rendered":"<h5><\/h5>\n<h5><img loading=\"lazy\" decoding=\"async\" class=\"size-full wp-image-17014 alignleft\" src=\"https:\/\/serveiseducatius.xtec.cat\/bdrlectura\/wp-content\/uploads\/usu1339\/2021\/03\/anne-frank.jpg\" alt=\"\" width=\"210\" height=\"140\" \/><\/h5>\n<h5><a href=\"https:\/\/www.educaciontrespuntocero.com\/experiencias\/el-diario-de-ana-frank\/\" target=\"_blank\" rel=\"noopener noreferrer\">\u00a0El Diario de Ana Frank\u2019 para fomentar la lectura juvenil en \u00e9poca de pandemia<\/a><\/h5>\n<p style=\"text-align: left;\">La docente de Lengua y Literatura Luz Yrene Toribio nos habla de c\u00f3mo sus alumnos de Secundaria del Colegio de los Sagrados Corazones Bel\u00e9n de Lima (Per\u00fa) han trabajado \u2018El Diario de Ana Frank\u2019 combinando lectura y gamificaci\u00f3n.<\/p>\n","protected":false},"excerpt":{"rendered":"<p><a href=\"https:\/\/www.educaciontrespuntocero.com\/experiencias\/el-diario-de-ana-frank\/\" target=\"_blank\" rel=\"noopener noreferrer\">\u00a0El Diario de Ana Frank\u2019 para fomentar la lectura juvenil en \u00e9poca de pandemia<\/a><br \/>\nLa docente de Lengua y Literatura Luz Yrene Toribio nos habla de c\u00f3mo sus alumnos de Secundaria del Colegio de los Sagrados Corazones Bel\u00e9n de Lima (Per\u00fa) han&hellip;  <a href=\"https:\/\/serveiseducatius.xtec.cat\/bdrlectura\/pla-de-lectura\/el-diario-de-ana-frank-para-fomentar-la-lectura-juvenil-en-epoca-de-pandemia\/\" title=\"Read El Diario de Ana Frank\u2019 para fomentar la lectura juvenil en \u00e9poca de pandemia\">Llegeix m\u00e9s\u00bb<\/a><\/p>\n","protected":false},"author":46,"featured_media":0,"comment_status":"open","ping_status":"closed","sticky":false,"template":"","format":"standard","meta":{"_bbp_topic_count":0,"_bbp_reply_count":0,"_bbp_total_topic_count":0,"_bbp_total_reply_count":0,"_bbp_voice_count":0,"_bbp_anonymous_reply_count":0,"_bbp_topic_count_hidden":0,"_bbp_reply_count_hidden":0,"_bbp_forum_subforum_count":0,"footnotes":""},"categories":[308,613,455],"tags":[407,581,387,691],"class_list":["post-17013","post","type-post","status-publish","format-standard","hentry","category-pla-de-lectura","category-practiques-educatives-cl","category-promocio-de-la-lectura","tag-autores-i-autors","tag-competencia-lectora","tag-dinamitzacio-de-la-lectura","tag-lectura"],"post_mailing_queue_ids":[],"_links":{"self":[{"href":"https:\/\/serveiseducatius.xtec.cat\/bdrlectura\/wp-json\/wp\/v2\/posts\/17013","targetHints":{"allow":["GET"]}}],"collection":[{"href":"https:\/\/serveiseducatius.xtec.cat\/bdrlectura\/wp-json\/wp\/v2\/posts"}],"about":[{"href":"https:\/\/serveiseducatius.xtec.cat\/bdrlectura\/wp-json\/wp\/v2\/types\/post"}],"author":[{"embeddable":true,"href":"https:\/\/serveiseducatius.xtec.cat\/bdrlectura\/wp-json\/wp\/v2\/users\/46"}],"replies":[{"embeddable":true,"href":"https:\/\/serveiseducatius.xtec.cat\/bdrlectura\/wp-json\/wp\/v2\/comments?post=17013"}],"version-history":[{"count":3,"href":"https:\/\/serveiseducatius.xtec.cat\/bdrlectura\/wp-json\/wp\/v2\/posts\/17013\/revisions"}],"predecessor-version":[{"id":17017,"href":"https:\/\/serveiseducatius.xtec.cat\/bdrlectura\/wp-json\/wp\/v2\/posts\/17013\/revisions\/17017"}],"wp:attachment":[{"href":"https:\/\/serveiseducatius.xtec.cat\/bdrlectura\/wp-json\/wp\/v2\/media?parent=17013"}],"wp:term":[{"taxonomy":"category","embeddable":true,"href":"https:\/\/serveiseducatius.xtec.cat\/bdrlectura\/wp-json\/wp\/v2\/categories?post=17013"},{"taxonomy":"post_tag","embeddable":true,"href":"https:\/\/serveiseducatius.xtec.cat\/bdrlectura\/wp-json\/wp\/v2\/tags?post=17013"}],"curies":[{"name":"wp","href":"https:\/\/api.w.org\/{rel}","templated":true}]}}