{"id":16778,"date":"2021-02-07T22:53:27","date_gmt":"2021-02-07T21:53:27","guid":{"rendered":"http:\/\/serveiseducatius.xtec.cat\/bdrlectura\/?p=16778"},"modified":"2021-02-07T22:53:27","modified_gmt":"2021-02-07T21:53:27","slug":"taula-rodona-sobre-la-figura-de-joan-triadu","status":"publish","type":"post","link":"https:\/\/serveiseducatius.xtec.cat\/bdrlectura\/actuacions-triadu\/taula-rodona-sobre-la-figura-de-joan-triadu\/","title":{"rendered":"Taula Rodona sobre la figura de Joan Triad\u00fa"},"content":{"rendered":"<h5><a href=\"https:\/\/www.youtube.com\/watch?v=UAVw8_TQgiY&amp;feature=youtu.be\" target=\"_blank\" rel=\"noopener noreferrer\"><img loading=\"lazy\" decoding=\"async\" class=\"size-full wp-image-16781 alignleft\" src=\"https:\/\/serveiseducatius.xtec.cat\/bdrlectura\/wp-content\/uploads\/usu1339\/2021\/02\/Captura-1-1.png\" alt=\"\" width=\"210\" height=\"140\" \/>Taula Rodona sobre la figura de Joan Triad\u00fa<\/a><\/h5>\n<p>V\u00eddeo del 25 de gener de la taula rodona sobre el cr\u00edtic literari i pedagog, Joan Triad\u00fa.<br \/>\nVan participar: <b>David Castillo-<\/b>\u00a0escriptor i cr\u00edtic literari, <b>Eva Piquer-<\/b> periodista cultural, <b>Vicens Villatoro-<\/b> escriptor i <b>Joan Josep Isern<\/b> com a moderador.<\/p>\n<p>&nbsp;<\/p>\n","protected":false},"excerpt":{"rendered":"<p><a href=\"https:\/\/www.youtube.com\/watch?v=UAVw8_TQgiY&amp;feature=youtu.be\" target=\"_blank\" rel=\"noopener noreferrer\">Taula Rodona sobre la figura de Joan Triad\u00fa<\/a><br \/>\nV\u00eddeo del 25 de gener de la taula rodona sobre el cr\u00edtic literari i pedagog, Joan Triad\u00fa.<br \/>\nVan participar: David Castillo-\u00a0escriptor i cr\u00edtic literari, Eva Piquer- periodista cultural, Vicens Villatoro- escriptor i Joan Josep Isern&hellip;  <a href=\"https:\/\/serveiseducatius.xtec.cat\/bdrlectura\/actuacions-triadu\/taula-rodona-sobre-la-figura-de-joan-triadu\/\" title=\"Read Taula Rodona sobre la figura de Joan Triad\u00fa\">Llegeix m\u00e9s\u00bb<\/a><\/p>\n","protected":false},"author":10,"featured_media":0,"comment_status":"open","ping_status":"closed","sticky":false,"template":"","format":"standard","meta":{"_bbp_topic_count":0,"_bbp_reply_count":0,"_bbp_total_topic_count":0,"_bbp_total_reply_count":0,"_bbp_voice_count":0,"_bbp_anonymous_reply_count":0,"_bbp_topic_count_hidden":0,"_bbp_reply_count_hidden":0,"_bbp_forum_subforum_count":0,"footnotes":""},"categories":[871],"tags":[407,452],"class_list":["post-16778","post","type-post","status-publish","format-standard","hentry","category-actuacions-triadu","tag-autores-i-autors","tag-literatura-catalana"],"post_mailing_queue_ids":[],"_links":{"self":[{"href":"https:\/\/serveiseducatius.xtec.cat\/bdrlectura\/wp-json\/wp\/v2\/posts\/16778","targetHints":{"allow":["GET"]}}],"collection":[{"href":"https:\/\/serveiseducatius.xtec.cat\/bdrlectura\/wp-json\/wp\/v2\/posts"}],"about":[{"href":"https:\/\/serveiseducatius.xtec.cat\/bdrlectura\/wp-json\/wp\/v2\/types\/post"}],"author":[{"embeddable":true,"href":"https:\/\/serveiseducatius.xtec.cat\/bdrlectura\/wp-json\/wp\/v2\/users\/10"}],"replies":[{"embeddable":true,"href":"https:\/\/serveiseducatius.xtec.cat\/bdrlectura\/wp-json\/wp\/v2\/comments?post=16778"}],"version-history":[{"count":1,"href":"https:\/\/serveiseducatius.xtec.cat\/bdrlectura\/wp-json\/wp\/v2\/posts\/16778\/revisions"}],"predecessor-version":[{"id":16782,"href":"https:\/\/serveiseducatius.xtec.cat\/bdrlectura\/wp-json\/wp\/v2\/posts\/16778\/revisions\/16782"}],"wp:attachment":[{"href":"https:\/\/serveiseducatius.xtec.cat\/bdrlectura\/wp-json\/wp\/v2\/media?parent=16778"}],"wp:term":[{"taxonomy":"category","embeddable":true,"href":"https:\/\/serveiseducatius.xtec.cat\/bdrlectura\/wp-json\/wp\/v2\/categories?post=16778"},{"taxonomy":"post_tag","embeddable":true,"href":"https:\/\/serveiseducatius.xtec.cat\/bdrlectura\/wp-json\/wp\/v2\/tags?post=16778"}],"curies":[{"name":"wp","href":"https:\/\/api.w.org\/{rel}","templated":true}]}}