{"id":16663,"date":"2021-01-10T10:24:21","date_gmt":"2021-01-10T09:24:21","guid":{"rendered":"http:\/\/serveiseducatius.xtec.cat\/bdrlectura\/?p=16663"},"modified":"2023-01-18T15:58:11","modified_gmt":"2023-01-18T14:58:11","slug":"formacio-dels-lectors-critics","status":"publish","type":"post","link":"https:\/\/serveiseducatius.xtec.cat\/bdrlectura\/general\/formacio-dels-lectors-critics\/","title":{"rendered":"Formaci\u00f3 dels lectors cr\u00edtics"},"content":{"rendered":"<h5><a href=\"https:\/\/serveiseducatius.xtec.cat\/bdrlectura\/wp-content\/uploads\/usu1339\/2021\/01\/Articles_2.jpg\"><img loading=\"lazy\" decoding=\"async\" class=\"size-full wp-image-16665 alignleft\" src=\"https:\/\/serveiseducatius.xtec.cat\/bdrlectura\/wp-content\/uploads\/usu1339\/2021\/01\/Articles_2.jpg\" alt=\"\" width=\"210\" height=\"140\" \/><\/a><a href=\"https:\/\/www.grao.com\/es\/producto\/revista-articles-088-gener-21-formacio-de-lectors-critics-ar088\" target=\"_blank\" rel=\"noopener noreferrer\">La formaci\u00f3 dels lectors cr\u00edtics<\/a><\/h5>\n<p>Monogr\u00e0fic de la revista <a href=\"https:\/\/www.grao.com\/ca\/articles\" target=\"_blank\" rel=\"noopener noreferrer\">Articles <\/a>n\u00famero 88, que vol contribuir a la reflexi\u00f3 sobre la lectura cr\u00edtica i l&#8217;acostament de recursos did\u00e0ctics a les aules per fomentar lectors i lectores cr\u00edtics davant els desafiaments que ens presenta la societat digital.<\/p>\n","protected":false},"excerpt":{"rendered":"<p><a href=\"https:\/\/serveiseducatius.xtec.cat\/bdrlectura\/wp-content\/uploads\/usu1339\/2021\/01\/Articles_2.jpg\"><\/a><a href=\"https:\/\/www.grao.com\/es\/producto\/revista-articles-088-gener-21-formacio-de-lectors-critics-ar088\" target=\"_blank\" rel=\"noopener noreferrer\">La formaci\u00f3 dels lectors cr\u00edtics<\/a><br \/>\nMonogr\u00e0fic de la revista <a href=\"https:\/\/www.grao.com\/ca\/articles\" target=\"_blank\" rel=\"noopener noreferrer\">Articles <\/a>n\u00famero 88, que vol contribuir a la reflexi\u00f3 sobre la lectura cr\u00edtica i l&#8217;acostament de recursos did\u00e0ctics a les aules per fomentar lectors i lectores cr\u00edtics davant&hellip;  <a href=\"https:\/\/serveiseducatius.xtec.cat\/bdrlectura\/general\/formacio-dels-lectors-critics\/\" title=\"Read Formaci\u00f3 dels lectors cr\u00edtics\">Llegeix m\u00e9s\u00bb<\/a><\/p>\n","protected":false},"author":4,"featured_media":16665,"comment_status":"open","ping_status":"closed","sticky":false,"template":"","format":"standard","meta":{"_bbp_topic_count":0,"_bbp_reply_count":0,"_bbp_total_topic_count":0,"_bbp_total_reply_count":0,"_bbp_voice_count":0,"_bbp_anonymous_reply_count":0,"_bbp_topic_count_hidden":0,"_bbp_reply_count_hidden":0,"_bbp_forum_subforum_count":0,"footnotes":""},"categories":[303,1,564],"tags":[496,692,736,597,621,494,845],"class_list":["post-16663","post","type-post","status-publish","format-standard","has-post-thumbnail","hentry","category-didactica-de-la-lectura","category-general","category-revistes","tag-competencia-comunicativa","tag-competencia-linguistica","tag-lectura-critica","tag-llengua-castellana","tag-llengua-catalana","tag-pla-de-lectura","tag-recursos-didactics"],"post_mailing_queue_ids":[],"_links":{"self":[{"href":"https:\/\/serveiseducatius.xtec.cat\/bdrlectura\/wp-json\/wp\/v2\/posts\/16663","targetHints":{"allow":["GET"]}}],"collection":[{"href":"https:\/\/serveiseducatius.xtec.cat\/bdrlectura\/wp-json\/wp\/v2\/posts"}],"about":[{"href":"https:\/\/serveiseducatius.xtec.cat\/bdrlectura\/wp-json\/wp\/v2\/types\/post"}],"author":[{"embeddable":true,"href":"https:\/\/serveiseducatius.xtec.cat\/bdrlectura\/wp-json\/wp\/v2\/users\/4"}],"replies":[{"embeddable":true,"href":"https:\/\/serveiseducatius.xtec.cat\/bdrlectura\/wp-json\/wp\/v2\/comments?post=16663"}],"version-history":[{"count":2,"href":"https:\/\/serveiseducatius.xtec.cat\/bdrlectura\/wp-json\/wp\/v2\/posts\/16663\/revisions"}],"predecessor-version":[{"id":16666,"href":"https:\/\/serveiseducatius.xtec.cat\/bdrlectura\/wp-json\/wp\/v2\/posts\/16663\/revisions\/16666"}],"wp:featuredmedia":[{"embeddable":true,"href":"https:\/\/serveiseducatius.xtec.cat\/bdrlectura\/wp-json\/wp\/v2\/media\/16665"}],"wp:attachment":[{"href":"https:\/\/serveiseducatius.xtec.cat\/bdrlectura\/wp-json\/wp\/v2\/media?parent=16663"}],"wp:term":[{"taxonomy":"category","embeddable":true,"href":"https:\/\/serveiseducatius.xtec.cat\/bdrlectura\/wp-json\/wp\/v2\/categories?post=16663"},{"taxonomy":"post_tag","embeddable":true,"href":"https:\/\/serveiseducatius.xtec.cat\/bdrlectura\/wp-json\/wp\/v2\/tags?post=16663"}],"curies":[{"name":"wp","href":"https:\/\/api.w.org\/{rel}","templated":true}]}}