{"id":16634,"date":"2020-12-17T15:25:05","date_gmt":"2020-12-17T14:25:05","guid":{"rendered":"http:\/\/serveiseducatius.xtec.cat\/bdrlectura\/?p=16634"},"modified":"2021-07-01T10:33:38","modified_gmt":"2021-07-01T08:33:38","slug":"especial-nadal","status":"publish","type":"post","link":"https:\/\/serveiseducatius.xtec.cat\/bdrlectura\/general\/especial-nadal\/","title":{"rendered":"Especial Nadal"},"content":{"rendered":"<h5><a href=\"https:\/\/serveiseducatius.xtec.cat\/bdrlectura\/wp-content\/uploads\/usu1339\/2020\/12\/Genius_2020.jpg\"><img loading=\"lazy\" decoding=\"async\" class=\"size-full wp-image-16635 alignleft\" src=\"https:\/\/serveiseducatius.xtec.cat\/bdrlectura\/wp-content\/uploads\/usu1339\/2020\/12\/Genius_2020.jpg\" alt=\"\" width=\"210\" height=\"140\" \/><\/a><a href=\"https:\/\/genius.diba.cat\/nadal\" target=\"_blank\" rel=\"noopener noreferrer\">Ja arriba el Nadal<\/a><\/h5>\n<p>Apartat del portal <a href=\"http:\/\/genius.diba.cat\/\" target=\"_blank\" rel=\"noopener noreferrer\">G\u00e8nius<\/a>, adre\u00e7at al p\u00fablic infantil, amb contes, propostes, tradicions i un munt d&#8217;activitats relacionades amb la festes nadalenques. Un especial tem\u00e0tic per poder passar un Nadal diferent. Tamb\u00e9 hi ha un apartat amb novetats i un altre amb recomanacions de les bibliotec\u00e0ries i els bibliotecaris.<\/p>\n","protected":false},"excerpt":{"rendered":"<p><a href=\"https:\/\/serveiseducatius.xtec.cat\/bdrlectura\/wp-content\/uploads\/usu1339\/2020\/12\/Genius_2020.jpg\"><\/a><a href=\"https:\/\/genius.diba.cat\/nadal\" target=\"_blank\" rel=\"noopener noreferrer\">Ja arriba el Nadal<\/a><br \/>\nApartat del portal <a href=\"http:\/\/genius.diba.cat\/\" target=\"_blank\" rel=\"noopener noreferrer\">G\u00e8nius<\/a>, adre\u00e7at al p\u00fablic infantil, amb contes, propostes, tradicions i un munt d&#8217;activitats relacionades amb la festes nadalenques. Un especial tem\u00e0tic per poder passar un Nadal diferent. Tamb\u00e9 hi ha&hellip;  <a href=\"https:\/\/serveiseducatius.xtec.cat\/bdrlectura\/general\/especial-nadal\/\" title=\"Read Especial Nadal\">Llegeix m\u00e9s\u00bb<\/a><\/p>\n","protected":false},"author":4,"featured_media":0,"comment_status":"open","ping_status":"closed","sticky":false,"template":"","format":"standard","meta":{"_bbp_topic_count":0,"_bbp_reply_count":0,"_bbp_total_topic_count":0,"_bbp_total_reply_count":0,"_bbp_voice_count":0,"_bbp_anonymous_reply_count":0,"_bbp_topic_count_hidden":0,"_bbp_reply_count_hidden":0,"_bbp_forum_subforum_count":0,"footnotes":""},"categories":[1],"tags":[378,586,384,475,555],"class_list":["post-16634","post","type-post","status-publish","format-standard","hentry","category-general","tag-animacio-de-la-lectura","tag-biblioteca-publica","tag-contes-i-narracions","tag-novetats-bibliografiques","tag-recomanacions-literaries"],"post_mailing_queue_ids":[],"_links":{"self":[{"href":"https:\/\/serveiseducatius.xtec.cat\/bdrlectura\/wp-json\/wp\/v2\/posts\/16634","targetHints":{"allow":["GET"]}}],"collection":[{"href":"https:\/\/serveiseducatius.xtec.cat\/bdrlectura\/wp-json\/wp\/v2\/posts"}],"about":[{"href":"https:\/\/serveiseducatius.xtec.cat\/bdrlectura\/wp-json\/wp\/v2\/types\/post"}],"author":[{"embeddable":true,"href":"https:\/\/serveiseducatius.xtec.cat\/bdrlectura\/wp-json\/wp\/v2\/users\/4"}],"replies":[{"embeddable":true,"href":"https:\/\/serveiseducatius.xtec.cat\/bdrlectura\/wp-json\/wp\/v2\/comments?post=16634"}],"version-history":[{"count":3,"href":"https:\/\/serveiseducatius.xtec.cat\/bdrlectura\/wp-json\/wp\/v2\/posts\/16634\/revisions"}],"predecessor-version":[{"id":16639,"href":"https:\/\/serveiseducatius.xtec.cat\/bdrlectura\/wp-json\/wp\/v2\/posts\/16634\/revisions\/16639"}],"wp:attachment":[{"href":"https:\/\/serveiseducatius.xtec.cat\/bdrlectura\/wp-json\/wp\/v2\/media?parent=16634"}],"wp:term":[{"taxonomy":"category","embeddable":true,"href":"https:\/\/serveiseducatius.xtec.cat\/bdrlectura\/wp-json\/wp\/v2\/categories?post=16634"},{"taxonomy":"post_tag","embeddable":true,"href":"https:\/\/serveiseducatius.xtec.cat\/bdrlectura\/wp-json\/wp\/v2\/tags?post=16634"}],"curies":[{"name":"wp","href":"https:\/\/api.w.org\/{rel}","templated":true}]}}