{"id":16626,"date":"2020-12-02T21:10:02","date_gmt":"2020-12-02T20:10:02","guid":{"rendered":"http:\/\/serveiseducatius.xtec.cat\/bdrlectura\/?p=16626"},"modified":"2022-06-17T14:09:49","modified_gmt":"2022-06-17T12:09:49","slug":"el-garbell-20","status":"publish","type":"post","link":"https:\/\/serveiseducatius.xtec.cat\/bdrlectura\/general\/el-garbell-20\/","title":{"rendered":"El Garbell 20"},"content":{"rendered":"<h5><a href=\"https:\/\/serveiseducatius.xtec.cat\/bdrlectura\/wp-content\/uploads\/usu1339\/2020\/11\/Garbell_20.jpg\"><img loading=\"lazy\" decoding=\"async\" class=\"size-full wp-image-16627 alignleft\" src=\"https:\/\/serveiseducatius.xtec.cat\/bdrlectura\/wp-content\/uploads\/usu1339\/2020\/11\/Garbell_20.jpg\" alt=\"\" width=\"210\" height=\"140\" \/><\/a><a href=\"https:\/\/www.rosasensat.org\/biblioteca\/recursos\/el-garbell\/el-garbell-num-20-hivern-2020\/\" target=\"_blank\" rel=\"noopener noreferrer\">El Garbell 20<\/a><\/h5>\n<p>Nou n\u00famero del butllet\u00ed editat pel <a href=\"http:\/\/www2.rosasensat.org\/pagina\/seminari-de-bibliografia-infantil-i-juvenil\" target=\"_blank\" rel=\"noopener noreferrer\">Seminari de Bibliografia Infantil i Juvenil <\/a>de Rosa Sensat que cont\u00e9 una selecci\u00f3 de novetats editorials de llibres tant d&#8217;imaginaci\u00f3 com de coneixements, amb l&#8217;objectiu d&#8217;actualitzar la biblioteca escolar i facilitar a infants i joves unes lectures d&#8217;inter\u00e8s i qualitat (desembre 2020), i amb una <a href=\"https:\/\/www.youtube.com\/watch?v=rfbAvNPfuiE&amp;list=UU5UD3W-GFQCb6cf1oJLiG_g\" target=\"_blank\" rel=\"noopener noreferrer\">presentaci\u00f3 del contingut.<\/a><\/p>\n","protected":false},"excerpt":{"rendered":"<p><a href=\"https:\/\/serveiseducatius.xtec.cat\/bdrlectura\/wp-content\/uploads\/usu1339\/2020\/11\/Garbell_20.jpg\"><\/a><a href=\"https:\/\/www.rosasensat.org\/biblioteca\/recursos\/el-garbell\/el-garbell-num-20-hivern-2020\/\" target=\"_blank\" rel=\"noopener noreferrer\">El Garbell 20<\/a><br \/>\nNou n\u00famero del butllet\u00ed editat pel <a href=\"http:\/\/www2.rosasensat.org\/pagina\/seminari-de-bibliografia-infantil-i-juvenil\" target=\"_blank\" rel=\"noopener noreferrer\">Seminari de Bibliografia Infantil i Juvenil <\/a>de Rosa Sensat que cont\u00e9 una selecci\u00f3 de novetats editorials de llibres tant d&#8217;imaginaci\u00f3 com de coneixements, amb l&#8217;objectiu d&#8217;actualitzar la biblioteca&hellip;  <a href=\"https:\/\/serveiseducatius.xtec.cat\/bdrlectura\/general\/el-garbell-20\/\" title=\"Read El Garbell 20\">Llegeix m\u00e9s\u00bb<\/a><\/p>\n","protected":false},"author":4,"featured_media":16632,"comment_status":"open","ping_status":"closed","sticky":false,"template":"","format":"standard","meta":{"_bbp_topic_count":0,"_bbp_reply_count":0,"_bbp_total_topic_count":0,"_bbp_total_reply_count":0,"_bbp_voice_count":0,"_bbp_anonymous_reply_count":0,"_bbp_topic_count_hidden":0,"_bbp_reply_count_hidden":0,"_bbp_forum_subforum_count":0,"footnotes":""},"categories":[1],"tags":[404,454,555],"class_list":["post-16626","post","type-post","status-publish","format-standard","has-post-thumbnail","hentry","category-general","tag-el-garbell","tag-literatura-infantil-i-juvenil","tag-recomanacions-literaries"],"post_mailing_queue_ids":[],"_links":{"self":[{"href":"https:\/\/serveiseducatius.xtec.cat\/bdrlectura\/wp-json\/wp\/v2\/posts\/16626","targetHints":{"allow":["GET"]}}],"collection":[{"href":"https:\/\/serveiseducatius.xtec.cat\/bdrlectura\/wp-json\/wp\/v2\/posts"}],"about":[{"href":"https:\/\/serveiseducatius.xtec.cat\/bdrlectura\/wp-json\/wp\/v2\/types\/post"}],"author":[{"embeddable":true,"href":"https:\/\/serveiseducatius.xtec.cat\/bdrlectura\/wp-json\/wp\/v2\/users\/4"}],"replies":[{"embeddable":true,"href":"https:\/\/serveiseducatius.xtec.cat\/bdrlectura\/wp-json\/wp\/v2\/comments?post=16626"}],"version-history":[{"count":3,"href":"https:\/\/serveiseducatius.xtec.cat\/bdrlectura\/wp-json\/wp\/v2\/posts\/16626\/revisions"}],"predecessor-version":[{"id":16631,"href":"https:\/\/serveiseducatius.xtec.cat\/bdrlectura\/wp-json\/wp\/v2\/posts\/16626\/revisions\/16631"}],"wp:featuredmedia":[{"embeddable":true,"href":"https:\/\/serveiseducatius.xtec.cat\/bdrlectura\/wp-json\/wp\/v2\/media\/16632"}],"wp:attachment":[{"href":"https:\/\/serveiseducatius.xtec.cat\/bdrlectura\/wp-json\/wp\/v2\/media?parent=16626"}],"wp:term":[{"taxonomy":"category","embeddable":true,"href":"https:\/\/serveiseducatius.xtec.cat\/bdrlectura\/wp-json\/wp\/v2\/categories?post=16626"},{"taxonomy":"post_tag","embeddable":true,"href":"https:\/\/serveiseducatius.xtec.cat\/bdrlectura\/wp-json\/wp\/v2\/tags?post=16626"}],"curies":[{"name":"wp","href":"https:\/\/api.w.org\/{rel}","templated":true}]}}