{"id":16366,"date":"2020-06-30T17:08:36","date_gmt":"2020-06-30T15:08:36","guid":{"rendered":"http:\/\/serveiseducatius.xtec.cat\/bdrlectura\/?p=16366"},"modified":"2022-10-03T17:47:32","modified_gmt":"2022-10-03T15:47:32","slug":"retorica-del-personaje-en-la-literatura-para-ninos","status":"publish","type":"post","link":"https:\/\/serveiseducatius.xtec.cat\/bdrlectura\/contes-i-narracions\/retorica-del-personaje-en-la-literatura-para-ninos\/","title":{"rendered":"Ret\u00f3rica 1"},"content":{"rendered":"<h5><img loading=\"lazy\" decoding=\"async\" class=\"size-full wp-image-16367 alignleft\" src=\"https:\/\/serveiseducatius.xtec.cat\/bdrlectura\/wp-content\/uploads\/usu1339\/2020\/06\/retorica_personaje.png\" alt=\"\" width=\"210\" height=\"140\" \/><a href=\"https:\/\/www.gretel.cat\/recomanacions-estudis\/retorica-del-personaje-en-la-literatura-para-ninos\/\" target=\"_blank\" rel=\"noopener noreferrer\">Ret\u00f3rica del personaje en la literatura para ni\u00f1os<\/a><\/h5>\n<p>Aquesta obra de Maria Nikolajeva publicada per l&#8217;editorial <a href=\"https:\/\/www.fondodeculturaeconomica.com\/\" target=\"_blank\" rel=\"noopener noreferrer\">Fondo de Cultura Econ\u00f3mica<\/a> representa un dels estudis m\u00e9s extensius fets sobre els personatges de la literatura infantil. Hi explora qu\u00e8 s\u00f3n els personatges, qu\u00e8 expliquen, com es relacionen amb el relat, com es construeixen i com poden ser rebuts i interpretats pels lectors.<\/p>\n","protected":false},"excerpt":{"rendered":"<p><a href=\"https:\/\/www.gretel.cat\/recomanacions-estudis\/retorica-del-personaje-en-la-literatura-para-ninos\/\" target=\"_blank\" rel=\"noopener noreferrer\">Ret\u00f3rica del personaje en la literatura para ni\u00f1os<\/a><br \/>\nAquesta obra de Maria Nikolajeva publicada per l&#8217;editorial <a href=\"https:\/\/www.fondodeculturaeconomica.com\/\" target=\"_blank\" rel=\"noopener noreferrer\">Fondo de Cultura Econ\u00f3mica<\/a> representa un dels estudis m\u00e9s extensius fets sobre els personatges de la literatura infantil. Hi explora qu\u00e8 s\u00f3n&hellip;  <a href=\"https:\/\/serveiseducatius.xtec.cat\/bdrlectura\/contes-i-narracions\/retorica-del-personaje-en-la-literatura-para-ninos\/\" title=\"Read Ret\u00f3rica 1\">Llegeix m\u00e9s\u00bb<\/a><\/p>\n","protected":false},"author":1,"featured_media":16367,"comment_status":"open","ping_status":"closed","sticky":false,"template":"","format":"standard","meta":{"_bbp_topic_count":0,"_bbp_reply_count":0,"_bbp_total_topic_count":0,"_bbp_total_reply_count":0,"_bbp_voice_count":0,"_bbp_anonymous_reply_count":0,"_bbp_topic_count_hidden":0,"_bbp_reply_count_hidden":0,"_bbp_forum_subforum_count":0,"footnotes":""},"categories":[458],"tags":[384,454,475],"class_list":["post-16366","post","type-post","status-publish","format-standard","has-post-thumbnail","hentry","category-contes-i-narracions","tag-contes-i-narracions","tag-literatura-infantil-i-juvenil","tag-novetats-bibliografiques"],"post_mailing_queue_ids":[],"_links":{"self":[{"href":"https:\/\/serveiseducatius.xtec.cat\/bdrlectura\/wp-json\/wp\/v2\/posts\/16366","targetHints":{"allow":["GET"]}}],"collection":[{"href":"https:\/\/serveiseducatius.xtec.cat\/bdrlectura\/wp-json\/wp\/v2\/posts"}],"about":[{"href":"https:\/\/serveiseducatius.xtec.cat\/bdrlectura\/wp-json\/wp\/v2\/types\/post"}],"author":[{"embeddable":true,"href":"https:\/\/serveiseducatius.xtec.cat\/bdrlectura\/wp-json\/wp\/v2\/users\/1"}],"replies":[{"embeddable":true,"href":"https:\/\/serveiseducatius.xtec.cat\/bdrlectura\/wp-json\/wp\/v2\/comments?post=16366"}],"version-history":[{"count":3,"href":"https:\/\/serveiseducatius.xtec.cat\/bdrlectura\/wp-json\/wp\/v2\/posts\/16366\/revisions"}],"predecessor-version":[{"id":16410,"href":"https:\/\/serveiseducatius.xtec.cat\/bdrlectura\/wp-json\/wp\/v2\/posts\/16366\/revisions\/16410"}],"wp:featuredmedia":[{"embeddable":true,"href":"https:\/\/serveiseducatius.xtec.cat\/bdrlectura\/wp-json\/wp\/v2\/media\/16367"}],"wp:attachment":[{"href":"https:\/\/serveiseducatius.xtec.cat\/bdrlectura\/wp-json\/wp\/v2\/media?parent=16366"}],"wp:term":[{"taxonomy":"category","embeddable":true,"href":"https:\/\/serveiseducatius.xtec.cat\/bdrlectura\/wp-json\/wp\/v2\/categories?post=16366"},{"taxonomy":"post_tag","embeddable":true,"href":"https:\/\/serveiseducatius.xtec.cat\/bdrlectura\/wp-json\/wp\/v2\/tags?post=16366"}],"curies":[{"name":"wp","href":"https:\/\/api.w.org\/{rel}","templated":true}]}}