{"id":15391,"date":"2020-04-23T12:29:15","date_gmt":"2020-04-23T10:29:15","guid":{"rendered":"http:\/\/serveiseducatius.xtec.cat\/bdrlectura\/?p=15391"},"modified":"2022-06-23T11:01:59","modified_gmt":"2022-06-23T09:01:59","slug":"bitxos","status":"publish","type":"post","link":"https:\/\/serveiseducatius.xtec.cat\/bdrlectura\/revistes-infantils\/bitxos\/","title":{"rendered":"Bitxos"},"content":{"rendered":"<h5><a href=\"http:\/\/www.diaribitxos.cat\/\" target=\"_blank\" rel=\"noopener noreferrer\"><img loading=\"lazy\" decoding=\"async\" class=\"alignleft wp-image-15398 size-full\" src=\"https:\/\/serveiseducatius.xtec.cat\/bdrlectura\/wp-content\/uploads\/usu1339\/2020\/04\/Bitxos.jpg\" alt=\"\" width=\"210\" height=\"140\" \/>Bitxos<\/a><\/h5>\n<p>Diari impr\u00e8s i digital dirigit a infants de 8 a 12 anys. Informa sobre l\u2019actualitat global i local d\u2019una manera simple i divertida amb l&#8217;objectiu d&#8217;acostar els infants a la lectura informativa, introduir-los l\u2019h\u00e0bit de lectura de premsa i tamb\u00e9 esperonar-los perqu\u00e8 aprenguin a crear-se una opini\u00f3 pr\u00f2pia.<\/p>\n","protected":false},"excerpt":{"rendered":"<p><a href=\"http:\/\/www.diaribitxos.cat\/\" target=\"_blank\" rel=\"noopener noreferrer\">Bitxos<\/a><br \/>\nDiari impr\u00e8s i digital dirigit a infants de 8 a 12 anys. Informa sobre l\u2019actualitat global i local d\u2019una manera simple i divertida amb l&#8217;objectiu d&#8217;acostar els infants a la lectura informativa, introduir-los l\u2019h\u00e0bit de lectura de premsa i tamb\u00e9 esperonar-los&hellip;  <a href=\"https:\/\/serveiseducatius.xtec.cat\/bdrlectura\/revistes-infantils\/bitxos\/\" title=\"Read Bitxos\">Llegeix m\u00e9s\u00bb<\/a><\/p>\n","protected":false},"author":4,"featured_media":15398,"comment_status":"open","ping_status":"closed","sticky":false,"template":"","format":"standard","meta":{"_bbp_topic_count":0,"_bbp_reply_count":0,"_bbp_total_topic_count":0,"_bbp_total_reply_count":0,"_bbp_voice_count":0,"_bbp_anonymous_reply_count":0,"_bbp_topic_count_hidden":0,"_bbp_reply_count_hidden":0,"_bbp_forum_subforum_count":0,"footnotes":""},"categories":[815],"tags":[511,760,736,827],"class_list":["post-15391","post","type-post","status-publish","format-standard","has-post-thumbnail","hentry","category-revistes-infantils","tag-educacio-primaria","tag-gust-per-la-lectura","tag-lectura-critica","tag-premsa"],"post_mailing_queue_ids":[],"_links":{"self":[{"href":"https:\/\/serveiseducatius.xtec.cat\/bdrlectura\/wp-json\/wp\/v2\/posts\/15391","targetHints":{"allow":["GET"]}}],"collection":[{"href":"https:\/\/serveiseducatius.xtec.cat\/bdrlectura\/wp-json\/wp\/v2\/posts"}],"about":[{"href":"https:\/\/serveiseducatius.xtec.cat\/bdrlectura\/wp-json\/wp\/v2\/types\/post"}],"author":[{"embeddable":true,"href":"https:\/\/serveiseducatius.xtec.cat\/bdrlectura\/wp-json\/wp\/v2\/users\/4"}],"replies":[{"embeddable":true,"href":"https:\/\/serveiseducatius.xtec.cat\/bdrlectura\/wp-json\/wp\/v2\/comments?post=15391"}],"version-history":[{"count":4,"href":"https:\/\/serveiseducatius.xtec.cat\/bdrlectura\/wp-json\/wp\/v2\/posts\/15391\/revisions"}],"predecessor-version":[{"id":18208,"href":"https:\/\/serveiseducatius.xtec.cat\/bdrlectura\/wp-json\/wp\/v2\/posts\/15391\/revisions\/18208"}],"wp:featuredmedia":[{"embeddable":true,"href":"https:\/\/serveiseducatius.xtec.cat\/bdrlectura\/wp-json\/wp\/v2\/media\/15398"}],"wp:attachment":[{"href":"https:\/\/serveiseducatius.xtec.cat\/bdrlectura\/wp-json\/wp\/v2\/media?parent=15391"}],"wp:term":[{"taxonomy":"category","embeddable":true,"href":"https:\/\/serveiseducatius.xtec.cat\/bdrlectura\/wp-json\/wp\/v2\/categories?post=15391"},{"taxonomy":"post_tag","embeddable":true,"href":"https:\/\/serveiseducatius.xtec.cat\/bdrlectura\/wp-json\/wp\/v2\/tags?post=15391"}],"curies":[{"name":"wp","href":"https:\/\/api.w.org\/{rel}","templated":true}]}}