{"id":15226,"date":"2020-04-01T12:12:17","date_gmt":"2020-04-01T10:12:17","guid":{"rendered":"http:\/\/serveiseducatius.xtec.cat\/bdrlectura\/?p=15226"},"modified":"2020-07-14T20:10:12","modified_gmt":"2020-07-14T18:10:12","slug":"la-lectura-puede-ser-la-clave-para-salir-de-la-paralisis-economica","status":"publish","type":"post","link":"https:\/\/serveiseducatius.xtec.cat\/bdrlectura\/documentacio\/la-lectura-puede-ser-la-clave-para-salir-de-la-paralisis-economica\/","title":{"rendered":"La lectura puede ser la clave para salir de la par\u00e1lisis econ\u00f3mica"},"content":{"rendered":"<h5><img loading=\"lazy\" decoding=\"async\" class=\"alignleft wp-image-15230 size-full\" src=\"https:\/\/serveiseducatius.xtec.cat\/bdrlectura\/wp-content\/uploads\/usu1339\/2020\/04\/paralisi_economica.jpg\" alt=\"\" width=\"210\" height=\"140\" \/><a href=\"https:\/\/drive.google.com\/open?id=1kz2xIjZOGQzQqOI_f3EKnIFw4djE-qE1\" target=\"_blank\" rel=\"noopener noreferrer\">La lectura puede ser la clave para salir de la par\u00e1lisis econ\u00f3mica<\/a><\/h5>\n<p>Fitxa del <a href=\"https:\/\/fundaciongsr.org\/recursos-2\/\" target=\"_blank\" rel=\"noopener noreferrer\">Laboratorio Contempor\u00e1neo de Fomento de la Lectura<\/a>, de la FGSR, que exposa com la compet\u00e8ncia lectora pot ser clau en la creaci\u00f3 de riquesa per poder sortir de la par\u00e0lisi econ\u00f2mica\u00a0 a trav\u00e9s de la transformaci\u00f3 de la informaci\u00f3 en nous models de negoci.<\/p>\n","protected":false},"excerpt":{"rendered":"<p><a href=\"https:\/\/drive.google.com\/open?id=1kz2xIjZOGQzQqOI_f3EKnIFw4djE-qE1\" target=\"_blank\" rel=\"noopener noreferrer\">La lectura puede ser la clave para salir de la par\u00e1lisis econ\u00f3mica<\/a><br \/>\nFitxa del <a href=\"https:\/\/fundaciongsr.org\/recursos-2\/\" target=\"_blank\" rel=\"noopener noreferrer\">Laboratorio Contempor\u00e1neo de Fomento de la Lectura<\/a>, de la FGSR, que exposa com la compet\u00e8ncia lectora pot ser clau en la creaci\u00f3 de riquesa&hellip;  <a href=\"https:\/\/serveiseducatius.xtec.cat\/bdrlectura\/documentacio\/la-lectura-puede-ser-la-clave-para-salir-de-la-paralisis-economica\/\" title=\"Read La lectura puede ser la clave para salir de la par\u00e1lisis econ\u00f3mica\">Llegeix m\u00e9s\u00bb<\/a><\/p>\n","protected":false},"author":4,"featured_media":15230,"comment_status":"open","ping_status":"closed","sticky":false,"template":"","format":"standard","meta":{"_bbp_topic_count":0,"_bbp_reply_count":0,"_bbp_total_topic_count":0,"_bbp_total_reply_count":0,"_bbp_voice_count":0,"_bbp_anonymous_reply_count":0,"_bbp_topic_count_hidden":0,"_bbp_reply_count_hidden":0,"_bbp_forum_subforum_count":0,"footnotes":""},"categories":[355],"tags":[581,582,818,819],"class_list":["post-15226","post","type-post","status-publish","format-standard","has-post-thumbnail","hentry","category-documentacio","tag-competencia-lectora","tag-comprensio-lectora","tag-economia","tag-innovacio"],"post_mailing_queue_ids":[],"_links":{"self":[{"href":"https:\/\/serveiseducatius.xtec.cat\/bdrlectura\/wp-json\/wp\/v2\/posts\/15226","targetHints":{"allow":["GET"]}}],"collection":[{"href":"https:\/\/serveiseducatius.xtec.cat\/bdrlectura\/wp-json\/wp\/v2\/posts"}],"about":[{"href":"https:\/\/serveiseducatius.xtec.cat\/bdrlectura\/wp-json\/wp\/v2\/types\/post"}],"author":[{"embeddable":true,"href":"https:\/\/serveiseducatius.xtec.cat\/bdrlectura\/wp-json\/wp\/v2\/users\/4"}],"replies":[{"embeddable":true,"href":"https:\/\/serveiseducatius.xtec.cat\/bdrlectura\/wp-json\/wp\/v2\/comments?post=15226"}],"version-history":[{"count":4,"href":"https:\/\/serveiseducatius.xtec.cat\/bdrlectura\/wp-json\/wp\/v2\/posts\/15226\/revisions"}],"predecessor-version":[{"id":16440,"href":"https:\/\/serveiseducatius.xtec.cat\/bdrlectura\/wp-json\/wp\/v2\/posts\/15226\/revisions\/16440"}],"wp:featuredmedia":[{"embeddable":true,"href":"https:\/\/serveiseducatius.xtec.cat\/bdrlectura\/wp-json\/wp\/v2\/media\/15230"}],"wp:attachment":[{"href":"https:\/\/serveiseducatius.xtec.cat\/bdrlectura\/wp-json\/wp\/v2\/media?parent=15226"}],"wp:term":[{"taxonomy":"category","embeddable":true,"href":"https:\/\/serveiseducatius.xtec.cat\/bdrlectura\/wp-json\/wp\/v2\/categories?post=15226"},{"taxonomy":"post_tag","embeddable":true,"href":"https:\/\/serveiseducatius.xtec.cat\/bdrlectura\/wp-json\/wp\/v2\/tags?post=15226"}],"curies":[{"name":"wp","href":"https:\/\/api.w.org\/{rel}","templated":true}]}}