{"id":15162,"date":"2020-03-03T17:44:29","date_gmt":"2020-03-03T16:44:29","guid":{"rendered":"http:\/\/serveiseducatius.xtec.cat\/bdrlectura\/?p=15162"},"modified":"2020-07-14T13:25:20","modified_gmt":"2020-07-14T11:25:20","slug":"llegir-amb-els-fills-i-filles-questio-de-confianca-generositat-i-paciencia","status":"publish","type":"post","link":"https:\/\/serveiseducatius.xtec.cat\/bdrlectura\/lectura-i-familia\/llegir-amb-els-fills-i-filles-questio-de-confianca-generositat-i-paciencia\/","title":{"rendered":"Llegir amb els fills i filles: Q\u00fcesti\u00f3 de confian\u00e7a, generositat i paci\u00e8ncia"},"content":{"rendered":"<h5><img loading=\"lazy\" decoding=\"async\" class=\"alignleft wp-image-15163 size-full\" src=\"https:\/\/serveiseducatius.xtec.cat\/bdrlectura\/wp-content\/uploads\/usu1339\/2020\/03\/Lecxit_Centelles.jpg\" alt=\"\" width=\"210\" height=\"140\" \/><a href=\"https:\/\/www.fbofill.cat\/sites\/default\/files\/4Orientacions%20per%20a%20pares%20i%20mares.pdf\" target=\"_blank\" rel=\"noopener noreferrer\">Llegir amb els fills i filles: Q\u00fcesti\u00f3 de confian\u00e7a, generositat i paci\u00e8ncia<\/a><\/h5>\n<p>Orientacions per a pares i mares elaborades per\u00a0<a href=\"https:\/\/jaumecentelles.cat\/\" target=\"_blank\" rel=\"noopener noreferrer\">Jaume Centelles<\/a>, mestre i bibliotecari escolar, amb eines i recursos per treballar la lectura des de casa, recomanacions per triar els llibres m\u00e9s adequats i propostes per compartir les estones dedicades a llegir.<\/p>\n","protected":false},"excerpt":{"rendered":"<p><a href=\"https:\/\/www.fbofill.cat\/sites\/default\/files\/4Orientacions%20per%20a%20pares%20i%20mares.pdf\" target=\"_blank\" rel=\"noopener noreferrer\">Llegir amb els fills i filles: Q\u00fcesti\u00f3 de confian\u00e7a, generositat i paci\u00e8ncia<\/a><br \/>\nOrientacions per a pares i mares elaborades per\u00a0<a href=\"https:\/\/jaumecentelles.cat\/\" target=\"_blank\" rel=\"noopener noreferrer\">Jaume Centelles<\/a>, mestre i bibliotecari escolar, amb eines i recursos per treballar la lectura des de casa, recomanacions per&hellip;  <a href=\"https:\/\/serveiseducatius.xtec.cat\/bdrlectura\/lectura-i-familia\/llegir-amb-els-fills-i-filles-questio-de-confianca-generositat-i-paciencia\/\" title=\"Read Llegir amb els fills i filles: Q\u00fcesti\u00f3 de confian\u00e7a, generositat i paci\u00e8ncia\">Llegeix m\u00e9s\u00bb<\/a><\/p>\n","protected":false},"author":1,"featured_media":0,"comment_status":"open","ping_status":"closed","sticky":false,"template":"","format":"standard","meta":{"_bbp_topic_count":0,"_bbp_reply_count":0,"_bbp_total_topic_count":0,"_bbp_total_reply_count":0,"_bbp_voice_count":0,"_bbp_anonymous_reply_count":0,"_bbp_topic_count_hidden":0,"_bbp_reply_count_hidden":0,"_bbp_forum_subforum_count":0,"footnotes":""},"categories":[460],"tags":[490,380,555],"class_list":["post-15162","post","type-post","status-publish","format-standard","hentry","category-lectura-i-familia","tag-lectura-compartida","tag-lectura-i-familia","tag-recomanacions-literaries"],"post_mailing_queue_ids":[],"_links":{"self":[{"href":"https:\/\/serveiseducatius.xtec.cat\/bdrlectura\/wp-json\/wp\/v2\/posts\/15162","targetHints":{"allow":["GET"]}}],"collection":[{"href":"https:\/\/serveiseducatius.xtec.cat\/bdrlectura\/wp-json\/wp\/v2\/posts"}],"about":[{"href":"https:\/\/serveiseducatius.xtec.cat\/bdrlectura\/wp-json\/wp\/v2\/types\/post"}],"author":[{"embeddable":true,"href":"https:\/\/serveiseducatius.xtec.cat\/bdrlectura\/wp-json\/wp\/v2\/users\/1"}],"replies":[{"embeddable":true,"href":"https:\/\/serveiseducatius.xtec.cat\/bdrlectura\/wp-json\/wp\/v2\/comments?post=15162"}],"version-history":[{"count":2,"href":"https:\/\/serveiseducatius.xtec.cat\/bdrlectura\/wp-json\/wp\/v2\/posts\/15162\/revisions"}],"predecessor-version":[{"id":15165,"href":"https:\/\/serveiseducatius.xtec.cat\/bdrlectura\/wp-json\/wp\/v2\/posts\/15162\/revisions\/15165"}],"wp:attachment":[{"href":"https:\/\/serveiseducatius.xtec.cat\/bdrlectura\/wp-json\/wp\/v2\/media?parent=15162"}],"wp:term":[{"taxonomy":"category","embeddable":true,"href":"https:\/\/serveiseducatius.xtec.cat\/bdrlectura\/wp-json\/wp\/v2\/categories?post=15162"},{"taxonomy":"post_tag","embeddable":true,"href":"https:\/\/serveiseducatius.xtec.cat\/bdrlectura\/wp-json\/wp\/v2\/tags?post=15162"}],"curies":[{"name":"wp","href":"https:\/\/api.w.org\/{rel}","templated":true}]}}