{"id":14901,"date":"2019-11-19T20:37:09","date_gmt":"2019-11-19T19:37:09","guid":{"rendered":"http:\/\/serveiseducatius.xtec.cat\/bdrlectura\/?p=14901"},"modified":"2021-07-08T12:02:26","modified_gmt":"2021-07-08T10:02:26","slug":"perspectives-actuals-en-didactica-de-la-literatura","status":"publish","type":"post","link":"https:\/\/serveiseducatius.xtec.cat\/bdrlectura\/promocio-de-la-lectura\/perspectives-actuals-en-didactica-de-la-literatura\/","title":{"rendered":"Perspectives actuals en did\u00e0ctica de la literatura"},"content":{"rendered":"<h5><img loading=\"lazy\" decoding=\"async\" class=\"size-full wp-image-14902 alignleft\" src=\"https:\/\/serveiseducatius.xtec.cat\/bdrlectura\/wp-content\/uploads\/usu1339\/2019\/11\/monografic_EL.jpg\" alt=\"\" width=\"210\" height=\"140\" \/><a href=\"https:\/\/revistes.uab.cat\/jtl3\/issue\/view\/96\/showToc\" target=\"_blank\" rel=\"noopener noreferrer\">Perspectives actuals en did\u00e0ctica de la literatura<\/a><\/h5>\n<p>Monogr\u00e0fic sobre educaci\u00f3 liter\u00e0ria publicat per la revista <a href=\"https:\/\/revistes.uab.cat\/jtl3\/index\" target=\"_blank\" rel=\"noopener noreferrer\">Bellaterra Journal of Teaching &amp; Learning Language &amp; Literature.<\/a> El monogr\u00e0fic, coordinat per Felipe Munita, inclou articles de diversos integrants de <a href=\"http:\/\/www.gretel.cat\/\" target=\"_blank\" rel=\"noopener noreferrer\">GRETEL<\/a> i aportacions d\u2019altres investigadors que treballen dins del camp de la did\u00e0ctica de la literatura (agost-setembre 2019).<\/p>\n","protected":false},"excerpt":{"rendered":"<p><a href=\"https:\/\/revistes.uab.cat\/jtl3\/issue\/view\/96\/showToc\" target=\"_blank\" rel=\"noopener noreferrer\">Perspectives actuals en did\u00e0ctica de la literatura<\/a><br \/>\nMonogr\u00e0fic sobre educaci\u00f3 liter\u00e0ria publicat per la revista <a href=\"https:\/\/revistes.uab.cat\/jtl3\/index\" target=\"_blank\" rel=\"noopener noreferrer\">Bellaterra Journal of Teaching &amp; Learning Language &amp; Literature.<\/a> El monogr\u00e0fic, coordinat per Felipe Munita, inclou articles de diversos integrants de <a href=\"http:\/\/www.gretel.cat\/\"&hellip;  <a href=\"https:\/\/serveiseducatius.xtec.cat\/bdrlectura\/promocio-de-la-lectura\/perspectives-actuals-en-didactica-de-la-literatura\/\" title=\"Read Perspectives actuals en did\u00e0ctica de la literatura\">Llegeix m\u00e9s\u00bb<\/a><\/p>\n","protected":false},"author":1,"featured_media":0,"comment_status":"open","ping_status":"closed","sticky":false,"template":"","format":"standard","meta":{"_bbp_topic_count":0,"_bbp_reply_count":0,"_bbp_total_topic_count":0,"_bbp_total_reply_count":0,"_bbp_voice_count":0,"_bbp_anonymous_reply_count":0,"_bbp_topic_count_hidden":0,"_bbp_reply_count_hidden":0,"_bbp_forum_subforum_count":0,"footnotes":""},"categories":[455,564],"tags":[810,693],"class_list":["post-14901","post","type-post","status-publish","format-standard","hentry","category-promocio-de-la-lectura","category-revistes","tag-didactica-de-la-literatura","tag-dimensio-literaria"],"post_mailing_queue_ids":[],"_links":{"self":[{"href":"https:\/\/serveiseducatius.xtec.cat\/bdrlectura\/wp-json\/wp\/v2\/posts\/14901","targetHints":{"allow":["GET"]}}],"collection":[{"href":"https:\/\/serveiseducatius.xtec.cat\/bdrlectura\/wp-json\/wp\/v2\/posts"}],"about":[{"href":"https:\/\/serveiseducatius.xtec.cat\/bdrlectura\/wp-json\/wp\/v2\/types\/post"}],"author":[{"embeddable":true,"href":"https:\/\/serveiseducatius.xtec.cat\/bdrlectura\/wp-json\/wp\/v2\/users\/1"}],"replies":[{"embeddable":true,"href":"https:\/\/serveiseducatius.xtec.cat\/bdrlectura\/wp-json\/wp\/v2\/comments?post=14901"}],"version-history":[{"count":3,"href":"https:\/\/serveiseducatius.xtec.cat\/bdrlectura\/wp-json\/wp\/v2\/posts\/14901\/revisions"}],"predecessor-version":[{"id":16432,"href":"https:\/\/serveiseducatius.xtec.cat\/bdrlectura\/wp-json\/wp\/v2\/posts\/14901\/revisions\/16432"}],"wp:attachment":[{"href":"https:\/\/serveiseducatius.xtec.cat\/bdrlectura\/wp-json\/wp\/v2\/media?parent=14901"}],"wp:term":[{"taxonomy":"category","embeddable":true,"href":"https:\/\/serveiseducatius.xtec.cat\/bdrlectura\/wp-json\/wp\/v2\/categories?post=14901"},{"taxonomy":"post_tag","embeddable":true,"href":"https:\/\/serveiseducatius.xtec.cat\/bdrlectura\/wp-json\/wp\/v2\/tags?post=14901"}],"curies":[{"name":"wp","href":"https:\/\/api.w.org\/{rel}","templated":true}]}}