{"id":14380,"date":"2019-05-14T13:45:55","date_gmt":"2019-05-14T11:45:55","guid":{"rendered":"http:\/\/serveiseducatius.xtec.cat\/bdrlectura\/?p=14380"},"modified":"2020-05-30T11:02:59","modified_gmt":"2020-05-30T09:02:59","slug":"si-llegeixo-aprenc-treballem-lastronomia","status":"publish","type":"post","link":"https:\/\/serveiseducatius.xtec.cat\/bdrlectura\/maletes-tematiques\/si-llegeixo-aprenc-treballem-lastronomia\/","title":{"rendered":"Si llegeixo aprenc. Treballem l&#8217;astronomia"},"content":{"rendered":"<h5><img loading=\"lazy\" decoding=\"async\" class=\"size-full wp-image-15625 alignleft\" src=\"https:\/\/serveiseducatius.xtec.cat\/bdrlectura\/wp-content\/uploads\/usu1339\/2019\/05\/astronmia.png\" alt=\"\" width=\"210\" height=\"140\" \/>Treballem l&#8217;astronomia<\/h5>\n<p>Bibliomaleta amb recursos diversos per a treballar de manera l\u00fadica conceptes b\u00e0sics d&#8217;astronomia i de l&#8217;Univers a l&#8217;aula. No totes les maletes que s&#8217;enllacen aqu\u00ed disposen dels mateixos materials. <a href=\"http:\/\/www.sesegria.cat\/recursos\/si-llegeixo-aprenc-astronomia-internivells\" target=\"_blank\" rel=\"noopener noreferrer\">CRP del Segri\u00e0<\/a>, <a href=\"https:\/\/sites.google.com\/a\/xtec.cat\/cataleg-de-lectura\/maleta-l-univers\" target=\"_blank\" rel=\"noopener noreferrer\">CRP Alta Ribagor\u00e7a<\/a><\/p>\n","protected":false},"excerpt":{"rendered":"<p>Treballem l&#8217;astronomia<br \/>\nBibliomaleta amb recursos diversos per a treballar de manera l\u00fadica conceptes b\u00e0sics d&#8217;astronomia i de l&#8217;Univers a l&#8217;aula. No totes les maletes que s&#8217;enllacen aqu\u00ed disposen dels mateixos materials. <a href=\"http:\/\/www.sesegria.cat\/recursos\/si-llegeixo-aprenc-astronomia-internivells\" target=\"_blank\" rel=\"noopener noreferrer\">CRP del Segri\u00e0<\/a>, <a href=\"https:\/\/sites.google.com\/a\/xtec.cat\/cataleg-de-lectura\/maleta-l-univers\" target=\"_blank\" rel=\"noopener noreferrer\">CRP Alta Ribagor\u00e7a<\/a><\/p>\n","protected":false},"author":46,"featured_media":15625,"comment_status":"open","ping_status":"closed","sticky":false,"template":"","format":"standard","meta":{"_bbp_topic_count":0,"_bbp_reply_count":0,"_bbp_total_topic_count":0,"_bbp_total_reply_count":0,"_bbp_voice_count":0,"_bbp_anonymous_reply_count":0,"_bbp_topic_count_hidden":0,"_bbp_reply_count_hidden":0,"_bbp_forum_subforum_count":0,"footnotes":""},"categories":[421],"tags":[581,622,511,449],"class_list":["post-14380","post","type-post","status-publish","format-standard","has-post-thumbnail","hentry","category-maletes-tematiques","tag-competencia-lectora","tag-educacio-infantil","tag-educacio-primaria","tag-educacio-secundaria"],"post_mailing_queue_ids":[],"_links":{"self":[{"href":"https:\/\/serveiseducatius.xtec.cat\/bdrlectura\/wp-json\/wp\/v2\/posts\/14380","targetHints":{"allow":["GET"]}}],"collection":[{"href":"https:\/\/serveiseducatius.xtec.cat\/bdrlectura\/wp-json\/wp\/v2\/posts"}],"about":[{"href":"https:\/\/serveiseducatius.xtec.cat\/bdrlectura\/wp-json\/wp\/v2\/types\/post"}],"author":[{"embeddable":true,"href":"https:\/\/serveiseducatius.xtec.cat\/bdrlectura\/wp-json\/wp\/v2\/users\/46"}],"replies":[{"embeddable":true,"href":"https:\/\/serveiseducatius.xtec.cat\/bdrlectura\/wp-json\/wp\/v2\/comments?post=14380"}],"version-history":[{"count":3,"href":"https:\/\/serveiseducatius.xtec.cat\/bdrlectura\/wp-json\/wp\/v2\/posts\/14380\/revisions"}],"predecessor-version":[{"id":16215,"href":"https:\/\/serveiseducatius.xtec.cat\/bdrlectura\/wp-json\/wp\/v2\/posts\/14380\/revisions\/16215"}],"wp:featuredmedia":[{"embeddable":true,"href":"https:\/\/serveiseducatius.xtec.cat\/bdrlectura\/wp-json\/wp\/v2\/media\/15625"}],"wp:attachment":[{"href":"https:\/\/serveiseducatius.xtec.cat\/bdrlectura\/wp-json\/wp\/v2\/media?parent=14380"}],"wp:term":[{"taxonomy":"category","embeddable":true,"href":"https:\/\/serveiseducatius.xtec.cat\/bdrlectura\/wp-json\/wp\/v2\/categories?post=14380"},{"taxonomy":"post_tag","embeddable":true,"href":"https:\/\/serveiseducatius.xtec.cat\/bdrlectura\/wp-json\/wp\/v2\/tags?post=14380"}],"curies":[{"name":"wp","href":"https:\/\/api.w.org\/{rel}","templated":true}]}}