{"id":14293,"date":"2019-03-29T17:53:31","date_gmt":"2019-03-29T16:53:31","guid":{"rendered":"http:\/\/serveiseducatius.xtec.cat\/bdrlectura\/?p=14293"},"modified":"2019-07-11T11:01:17","modified_gmt":"2019-07-11T09:01:17","slug":"dones-al-mon","status":"publish","type":"post","link":"https:\/\/serveiseducatius.xtec.cat\/bdrlectura\/seleccions-tematiques\/dones-al-mon\/","title":{"rendered":"Dones al m\u00f3n"},"content":{"rendered":"<h5><img loading=\"lazy\" decoding=\"async\" class=\"size-full wp-image-14294 alignleft\" src=\"https:\/\/serveiseducatius.xtec.cat\/bdrlectura\/wp-content\/uploads\/usu1339\/2019\/03\/Dones_al_mon.jpg\" alt=\"\" width=\"210\" height=\"140\" \/><a href=\"https:\/\/genius.diba.cat\/detall-de-guia\/-\/detall\/J3Fw\/GUIA_LECTURA\/10934\/235263123\" target=\"_blank\" rel=\"noopener noreferrer\">Dones al m\u00f3n<\/a><\/h5>\n<div>\n<p>Guia creada pel\u00a0<a href=\"https:\/\/genius.diba.cat\/\" target=\"_blank\" rel=\"noopener noreferrer\">Grup de Treball G\u00e8nius<\/a>\u00a0amb una selecci\u00f3 de documents recomanats que expliquen com viuen o han viscut algunes dones que han estat veritables genis en el seu camp (ci\u00e8ncia, art, pensament, esport&#8230;). Tamb\u00e9 hi ha alguns contes protagonitzats per dones (mar\u00e7 2019).<\/p>\n<\/div>\n","protected":false},"excerpt":{"rendered":"<p><a href=\"https:\/\/genius.diba.cat\/detall-de-guia\/-\/detall\/J3Fw\/GUIA_LECTURA\/10934\/235263123\" target=\"_blank\" rel=\"noopener noreferrer\">Dones al m\u00f3n<\/a><\/p>\n<p>Guia creada pel\u00a0<a href=\"https:\/\/genius.diba.cat\/\" target=\"_blank\" rel=\"noopener noreferrer\">Grup de Treball G\u00e8nius<\/a>\u00a0amb una selecci\u00f3 de documents recomanats que expliquen com viuen o han viscut algunes dones que han estat veritables genis en el seu camp (ci\u00e8ncia, art, pensament, esport&#8230;). Tamb\u00e9 hi&hellip;  <a href=\"https:\/\/serveiseducatius.xtec.cat\/bdrlectura\/seleccions-tematiques\/dones-al-mon\/\" title=\"Read Dones al m\u00f3n\">Llegeix m\u00e9s\u00bb<\/a><\/p>\n","protected":false},"author":1,"featured_media":14294,"comment_status":"open","ping_status":"closed","sticky":false,"template":"","format":"standard","meta":{"_bbp_topic_count":0,"_bbp_reply_count":0,"_bbp_total_topic_count":0,"_bbp_total_reply_count":0,"_bbp_voice_count":0,"_bbp_anonymous_reply_count":0,"_bbp_topic_count_hidden":0,"_bbp_reply_count_hidden":0,"_bbp_forum_subforum_count":0,"footnotes":""},"categories":[334],"tags":[414,454,433,555],"class_list":["post-14293","post","type-post","status-publish","format-standard","has-post-thumbnail","hentry","category-seleccions-tematiques","tag-igualtat-de-genere","tag-literatura-infantil-i-juvenil","tag-llibres-de-coneixements","tag-recomanacions-literaries"],"post_mailing_queue_ids":[],"_links":{"self":[{"href":"https:\/\/serveiseducatius.xtec.cat\/bdrlectura\/wp-json\/wp\/v2\/posts\/14293","targetHints":{"allow":["GET"]}}],"collection":[{"href":"https:\/\/serveiseducatius.xtec.cat\/bdrlectura\/wp-json\/wp\/v2\/posts"}],"about":[{"href":"https:\/\/serveiseducatius.xtec.cat\/bdrlectura\/wp-json\/wp\/v2\/types\/post"}],"author":[{"embeddable":true,"href":"https:\/\/serveiseducatius.xtec.cat\/bdrlectura\/wp-json\/wp\/v2\/users\/1"}],"replies":[{"embeddable":true,"href":"https:\/\/serveiseducatius.xtec.cat\/bdrlectura\/wp-json\/wp\/v2\/comments?post=14293"}],"version-history":[{"count":3,"href":"https:\/\/serveiseducatius.xtec.cat\/bdrlectura\/wp-json\/wp\/v2\/posts\/14293\/revisions"}],"predecessor-version":[{"id":14557,"href":"https:\/\/serveiseducatius.xtec.cat\/bdrlectura\/wp-json\/wp\/v2\/posts\/14293\/revisions\/14557"}],"wp:featuredmedia":[{"embeddable":true,"href":"https:\/\/serveiseducatius.xtec.cat\/bdrlectura\/wp-json\/wp\/v2\/media\/14294"}],"wp:attachment":[{"href":"https:\/\/serveiseducatius.xtec.cat\/bdrlectura\/wp-json\/wp\/v2\/media?parent=14293"}],"wp:term":[{"taxonomy":"category","embeddable":true,"href":"https:\/\/serveiseducatius.xtec.cat\/bdrlectura\/wp-json\/wp\/v2\/categories?post=14293"},{"taxonomy":"post_tag","embeddable":true,"href":"https:\/\/serveiseducatius.xtec.cat\/bdrlectura\/wp-json\/wp\/v2\/tags?post=14293"}],"curies":[{"name":"wp","href":"https:\/\/api.w.org\/{rel}","templated":true}]}}